{"id":8262,"date":"2021-05-03T10:31:27","date_gmt":"2021-05-03T13:31:27","guid":{"rendered":"https:\/\/sbglaucoma2.websiteseguro.com\/paciente\/?p=8262"},"modified":"2021-05-03T17:54:01","modified_gmt":"2021-05-03T20:54:01","slug":"eleicoes-bienio-2022-2024-inscricoes-abertas-para-candidatura","status":"publish","type":"post","link":"https:\/\/www.sbglaucoma.org.br\/paciente\/eleicoes-bienio-2022-2024-inscricoes-abertas-para-candidatura\/","title":{"rendered":"Elei\u00e7\u00f5es Bi\u00eanio 2022-2024 &#8211; Inscri\u00e7\u00f5es abertas para candidatura"},"content":{"rendered":"<p>SBG<\/p>\n<p>&nbsp;<\/p>\n<table style=\"margin: 0 auto;\" border=\"0\" width=\"650\" cellspacing=\"0\" cellpadding=\"0\" align=\"center\">\n<tbody>\n<tr>\n<td><a href=\"https:\/\/www.sbglaucoma.org.br\/paciente\/\" target=\"_blank\"><img decoding=\"async\" src=\"https:\/\/www.sbglaucoma.org.br\/paciente\/newsletter\/2021\/06-03\/images\/sbg_01.png\" alt=\"\" \/><\/a><\/td>\n<\/tr>\n<tr>\n<td><img decoding=\"async\" src=\"https:\/\/www.sbglaucoma.org.br\/paciente\/newsletter\/2021\/06-03\/images\/sbg_02.png\" alt=\"\" \/><\/td>\n<\/tr>\n<tr>\n<td><img decoding=\"async\" src=\"https:\/\/www.sbglaucoma.org.br\/paciente\/newsletter\/2021\/06-03\/images\/sbg_03.png\" alt=\"\" usemap=\"#Map2\" border=\"0\" \/><\/td>\n<\/tr>\n<tr>\n<td><img decoding=\"async\" src=\"https:\/\/www.sbglaucoma.org.br\/paciente\/newsletter\/2021\/06-03\/images\/sbg_04.png\" alt=\"\" usemap=\"#Map\" border=\"0\" \/><\/td>\n<\/tr>\n<\/tbody>\n<\/table>\n<map name=\"Map\">\n<area coords=\"209,46,442,88\" shape=\"rect\" href=\"https:\/\/www.sbglaucoma.org.br\/paciente\/\" target=\"_blank\" \/>\n<area coords=\"246,90,278,124\" shape=\"rect\" href=\"https:\/\/www.facebook.com\/sbglaucoma\/\" target=\"_blank\" \/>\n<area coords=\"279,89,308,124\" shape=\"rect\" href=\"https:\/\/www.instagram.com\/sbglaucoma\/\" target=\"_blank\" \/>\n<area coords=\"340,92,371,125\" shape=\"rect\" href=\"https:\/\/www.youtube.com\/channel\/UCTniATDmaCGOjfuVj3SECIw\/videos\" target=\"_blank\" \/>\n<area coords=\"309,89,339,125\" shape=\"rect\" href=\"https:\/\/www.linkedin.com\/company\/sbglaucoma\" target=\"_blank\" \/>\n<area coords=\"371,93,403,124\" shape=\"rect\" href=\"mailto:sbglaucoma@sbglaucoma2.websiteseguro.com\" target=\"_blank\" \/> <\/map>\n<map name=\"Map2\">\n<area coords=\"184,94,466,125\" shape=\"rect\" href=\"mailto:sbglaucoma@sbglaucoma2.websiteseguro.com\" target=\"_blank\" \/>\n<area coords=\"144,140,510,206\" shape=\"rect\" href=\"https:\/\/www.sbglaucoma.org.br\/paciente\/wp-content\/uploads\/2020\/06\/ficha-de-cadastro-eleicoes-2021.doc\" target=\"_blank\" \/> <\/map>\n<p>&nbsp;<\/p>\n","protected":false},"excerpt":{"rendered":"<p>SBG &nbsp; &nbsp;<\/p>\n","protected":false},"author":1,"featured_media":0,"comment_status":"open","ping_status":"open","sticky":false,"template":"","format":"standard","meta":{"_acf_changed":false,"footnotes":""},"categories":[44],"tags":[],"class_list":["post-8262","post","type-post","status-publish","format-standard","hentry","category-noticias"],"acf":[],"yoast_head":"<!-- This site is optimized with the Yoast SEO plugin v27.5 - https:\/\/yoast.com\/product\/yoast-seo-wordpress\/ -->\n<title>Elei\u00e7\u00f5es Bi\u00eanio 2022-2024 - Inscri\u00e7\u00f5es abertas para candidatura - SBG - Sociedade Brasileira de Glaucoma<\/title>\n<meta name=\"robots\" content=\"index, follow, max-snippet:-1, max-image-preview:large, max-video-preview:-1\" \/>\n<link rel=\"canonical\" href=\"https:\/\/www.sbglaucoma.org.br\/paciente\/eleicoes-bienio-2022-2024-inscricoes-abertas-para-candidatura\/\" \/>\n<meta property=\"og:locale\" content=\"pt_BR\" \/>\n<meta property=\"og:type\" content=\"article\" \/>\n<meta property=\"og:title\" content=\"Elei\u00e7\u00f5es Bi\u00eanio 2022-2024 - Inscri\u00e7\u00f5es abertas para candidatura - SBG - Sociedade Brasileira de Glaucoma\" \/>\n<meta property=\"og:description\" content=\"SBG &nbsp; &nbsp;\" \/>\n<meta property=\"og:url\" content=\"https:\/\/www.sbglaucoma.org.br\/paciente\/eleicoes-bienio-2022-2024-inscricoes-abertas-para-candidatura\/\" \/>\n<meta property=\"og:site_name\" content=\"SBG - Sociedade Brasileira de Glaucoma\" \/>\n<meta property=\"article:published_time\" content=\"2021-05-03T13:31:27+00:00\" \/>\n<meta property=\"article:modified_time\" content=\"2021-05-03T20:54:01+00:00\" \/>\n<meta property=\"og:image\" content=\"https:\/\/sbglaucoma2.websiteseguro.com\/paciente\/newsletter\/2021\/06-03\/images\/sbg_01.png\" \/>\n<meta name=\"author\" content=\"Ricardo\" \/>\n<meta name=\"twitter:card\" content=\"summary_large_image\" \/>\n<meta name=\"twitter:label1\" content=\"Escrito por\" \/>\n\t<meta name=\"twitter:data1\" content=\"Ricardo\" \/>\n<script type=\"application\/ld+json\" class=\"yoast-schema-graph\">{\"@context\":\"https:\\\/\\\/schema.org\",\"@graph\":[{\"@type\":\"Article\",\"@id\":\"https:\\\/\\\/www.sbglaucoma.org.br\\\/paciente\\\/eleicoes-bienio-2022-2024-inscricoes-abertas-para-candidatura\\\/#article\",\"isPartOf\":{\"@id\":\"https:\\\/\\\/www.sbglaucoma.org.br\\\/paciente\\\/eleicoes-bienio-2022-2024-inscricoes-abertas-para-candidatura\\\/\"},\"author\":{\"name\":\"Ricardo\",\"@id\":\"https:\\\/\\\/www.sbglaucoma.org.br\\\/paciente\\\/#\\\/schema\\\/person\\\/e6624ea29d71076b9daf6ca2a992365d\"},\"headline\":\"Elei\u00e7\u00f5es Bi\u00eanio 2022-2024 &#8211; Inscri\u00e7\u00f5es abertas para candidatura\",\"datePublished\":\"2021-05-03T13:31:27+00:00\",\"dateModified\":\"2021-05-03T20:54:01+00:00\",\"mainEntityOfPage\":{\"@id\":\"https:\\\/\\\/www.sbglaucoma.org.br\\\/paciente\\\/eleicoes-bienio-2022-2024-inscricoes-abertas-para-candidatura\\\/\"},\"wordCount\":14,\"commentCount\":0,\"image\":{\"@id\":\"https:\\\/\\\/www.sbglaucoma.org.br\\\/paciente\\\/eleicoes-bienio-2022-2024-inscricoes-abertas-para-candidatura\\\/#primaryimage\"},\"thumbnailUrl\":\"https:\\\/\\\/www.sbglaucoma.org.br\\\/paciente\\\/newsletter\\\/2021\\\/06-03\\\/images\\\/sbg_01.png\",\"articleSection\":[\"Not\u00edcias\"],\"inLanguage\":\"pt-BR\",\"potentialAction\":[{\"@type\":\"CommentAction\",\"name\":\"Comment\",\"target\":[\"https:\\\/\\\/www.sbglaucoma.org.br\\\/paciente\\\/eleicoes-bienio-2022-2024-inscricoes-abertas-para-candidatura\\\/#respond\"]}]},{\"@type\":\"WebPage\",\"@id\":\"https:\\\/\\\/www.sbglaucoma.org.br\\\/paciente\\\/eleicoes-bienio-2022-2024-inscricoes-abertas-para-candidatura\\\/\",\"url\":\"https:\\\/\\\/www.sbglaucoma.org.br\\\/paciente\\\/eleicoes-bienio-2022-2024-inscricoes-abertas-para-candidatura\\\/\",\"name\":\"Elei\u00e7\u00f5es Bi\u00eanio 2022-2024 - Inscri\u00e7\u00f5es abertas para candidatura - SBG - Sociedade Brasileira de Glaucoma\",\"isPartOf\":{\"@id\":\"https:\\\/\\\/www.sbglaucoma.org.br\\\/paciente\\\/#website\"},\"primaryImageOfPage\":{\"@id\":\"https:\\\/\\\/www.sbglaucoma.org.br\\\/paciente\\\/eleicoes-bienio-2022-2024-inscricoes-abertas-para-candidatura\\\/#primaryimage\"},\"image\":{\"@id\":\"https:\\\/\\\/www.sbglaucoma.org.br\\\/paciente\\\/eleicoes-bienio-2022-2024-inscricoes-abertas-para-candidatura\\\/#primaryimage\"},\"thumbnailUrl\":\"https:\\\/\\\/www.sbglaucoma.org.br\\\/paciente\\\/newsletter\\\/2021\\\/06-03\\\/images\\\/sbg_01.png\",\"datePublished\":\"2021-05-03T13:31:27+00:00\",\"dateModified\":\"2021-05-03T20:54:01+00:00\",\"author\":{\"@id\":\"https:\\\/\\\/www.sbglaucoma.org.br\\\/paciente\\\/#\\\/schema\\\/person\\\/e6624ea29d71076b9daf6ca2a992365d\"},\"breadcrumb\":{\"@id\":\"https:\\\/\\\/www.sbglaucoma.org.br\\\/paciente\\\/eleicoes-bienio-2022-2024-inscricoes-abertas-para-candidatura\\\/#breadcrumb\"},\"inLanguage\":\"pt-BR\",\"potentialAction\":[{\"@type\":\"ReadAction\",\"target\":[\"https:\\\/\\\/www.sbglaucoma.org.br\\\/paciente\\\/eleicoes-bienio-2022-2024-inscricoes-abertas-para-candidatura\\\/\"]}]},{\"@type\":\"ImageObject\",\"inLanguage\":\"pt-BR\",\"@id\":\"https:\\\/\\\/www.sbglaucoma.org.br\\\/paciente\\\/eleicoes-bienio-2022-2024-inscricoes-abertas-para-candidatura\\\/#primaryimage\",\"url\":\"https:\\\/\\\/www.sbglaucoma.org.br\\\/paciente\\\/newsletter\\\/2021\\\/06-03\\\/images\\\/sbg_01.png\",\"contentUrl\":\"https:\\\/\\\/www.sbglaucoma.org.br\\\/paciente\\\/newsletter\\\/2021\\\/06-03\\\/images\\\/sbg_01.png\"},{\"@type\":\"BreadcrumbList\",\"@id\":\"https:\\\/\\\/www.sbglaucoma.org.br\\\/paciente\\\/eleicoes-bienio-2022-2024-inscricoes-abertas-para-candidatura\\\/#breadcrumb\",\"itemListElement\":[{\"@type\":\"ListItem\",\"position\":1,\"name\":\"In\u00edcio\",\"item\":\"https:\\\/\\\/www.sbglaucoma.org.br\\\/paciente\\\/\"},{\"@type\":\"ListItem\",\"position\":2,\"name\":\"Elei\u00e7\u00f5es Bi\u00eanio 2022-2024 &#8211; Inscri\u00e7\u00f5es abertas para candidatura\"}]},{\"@type\":\"WebSite\",\"@id\":\"https:\\\/\\\/www.sbglaucoma.org.br\\\/paciente\\\/#website\",\"url\":\"https:\\\/\\\/www.sbglaucoma.org.br\\\/paciente\\\/\",\"name\":\"SBG - Sociedade Brasileira de Glaucoma\",\"description\":\"\",\"potentialAction\":[{\"@type\":\"SearchAction\",\"target\":{\"@type\":\"EntryPoint\",\"urlTemplate\":\"https:\\\/\\\/www.sbglaucoma.org.br\\\/paciente\\\/?s={search_term_string}\"},\"query-input\":{\"@type\":\"PropertyValueSpecification\",\"valueRequired\":true,\"valueName\":\"search_term_string\"}}],\"inLanguage\":\"pt-BR\"},{\"@type\":\"Person\",\"@id\":\"https:\\\/\\\/www.sbglaucoma.org.br\\\/paciente\\\/#\\\/schema\\\/person\\\/e6624ea29d71076b9daf6ca2a992365d\",\"name\":\"Ricardo\",\"image\":{\"@type\":\"ImageObject\",\"inLanguage\":\"pt-BR\",\"@id\":\"https:\\\/\\\/secure.gravatar.com\\\/avatar\\\/44920876e908c0295955ee29232efe54c5c4ae3c36c5fc42ce7d3fba63ad79e4?s=96&d=mm&r=g\",\"url\":\"https:\\\/\\\/secure.gravatar.com\\\/avatar\\\/44920876e908c0295955ee29232efe54c5c4ae3c36c5fc42ce7d3fba63ad79e4?s=96&d=mm&r=g\",\"contentUrl\":\"https:\\\/\\\/secure.gravatar.com\\\/avatar\\\/44920876e908c0295955ee29232efe54c5c4ae3c36c5fc42ce7d3fba63ad79e4?s=96&d=mm&r=g\",\"caption\":\"Ricardo\"},\"url\":\"https:\\\/\\\/www.sbglaucoma.org.br\\\/paciente\\\/author\\\/ricardo\\\/\"}]}<\/script>\n<!-- \/ Yoast SEO plugin. -->","yoast_head_json":{"title":"Elei\u00e7\u00f5es Bi\u00eanio 2022-2024 - Inscri\u00e7\u00f5es abertas para candidatura - SBG - Sociedade Brasileira de Glaucoma","robots":{"index":"index","follow":"follow","max-snippet":"max-snippet:-1","max-image-preview":"max-image-preview:large","max-video-preview":"max-video-preview:-1"},"canonical":"https:\/\/www.sbglaucoma.org.br\/paciente\/eleicoes-bienio-2022-2024-inscricoes-abertas-para-candidatura\/","og_locale":"pt_BR","og_type":"article","og_title":"Elei\u00e7\u00f5es Bi\u00eanio 2022-2024 - Inscri\u00e7\u00f5es abertas para candidatura - SBG - Sociedade Brasileira de Glaucoma","og_description":"SBG &nbsp; &nbsp;","og_url":"https:\/\/www.sbglaucoma.org.br\/paciente\/eleicoes-bienio-2022-2024-inscricoes-abertas-para-candidatura\/","og_site_name":"SBG - Sociedade Brasileira de Glaucoma","article_published_time":"2021-05-03T13:31:27+00:00","article_modified_time":"2021-05-03T20:54:01+00:00","og_image":[{"url":"https:\/\/sbglaucoma2.websiteseguro.com\/paciente\/newsletter\/2021\/06-03\/images\/sbg_01.png","type":"","width":"","height":""}],"author":"Ricardo","twitter_card":"summary_large_image","twitter_misc":{"Escrito por":"Ricardo"},"schema":{"@context":"https:\/\/schema.org","@graph":[{"@type":"Article","@id":"https:\/\/www.sbglaucoma.org.br\/paciente\/eleicoes-bienio-2022-2024-inscricoes-abertas-para-candidatura\/#article","isPartOf":{"@id":"https:\/\/www.sbglaucoma.org.br\/paciente\/eleicoes-bienio-2022-2024-inscricoes-abertas-para-candidatura\/"},"author":{"name":"Ricardo","@id":"https:\/\/www.sbglaucoma.org.br\/paciente\/#\/schema\/person\/e6624ea29d71076b9daf6ca2a992365d"},"headline":"Elei\u00e7\u00f5es Bi\u00eanio 2022-2024 &#8211; Inscri\u00e7\u00f5es abertas para candidatura","datePublished":"2021-05-03T13:31:27+00:00","dateModified":"2021-05-03T20:54:01+00:00","mainEntityOfPage":{"@id":"https:\/\/www.sbglaucoma.org.br\/paciente\/eleicoes-bienio-2022-2024-inscricoes-abertas-para-candidatura\/"},"wordCount":14,"commentCount":0,"image":{"@id":"https:\/\/www.sbglaucoma.org.br\/paciente\/eleicoes-bienio-2022-2024-inscricoes-abertas-para-candidatura\/#primaryimage"},"thumbnailUrl":"https:\/\/www.sbglaucoma.org.br\/paciente\/newsletter\/2021\/06-03\/images\/sbg_01.png","articleSection":["Not\u00edcias"],"inLanguage":"pt-BR","potentialAction":[{"@type":"CommentAction","name":"Comment","target":["https:\/\/www.sbglaucoma.org.br\/paciente\/eleicoes-bienio-2022-2024-inscricoes-abertas-para-candidatura\/#respond"]}]},{"@type":"WebPage","@id":"https:\/\/www.sbglaucoma.org.br\/paciente\/eleicoes-bienio-2022-2024-inscricoes-abertas-para-candidatura\/","url":"https:\/\/www.sbglaucoma.org.br\/paciente\/eleicoes-bienio-2022-2024-inscricoes-abertas-para-candidatura\/","name":"Elei\u00e7\u00f5es Bi\u00eanio 2022-2024 - Inscri\u00e7\u00f5es abertas para candidatura - SBG - Sociedade Brasileira de Glaucoma","isPartOf":{"@id":"https:\/\/www.sbglaucoma.org.br\/paciente\/#website"},"primaryImageOfPage":{"@id":"https:\/\/www.sbglaucoma.org.br\/paciente\/eleicoes-bienio-2022-2024-inscricoes-abertas-para-candidatura\/#primaryimage"},"image":{"@id":"https:\/\/www.sbglaucoma.org.br\/paciente\/eleicoes-bienio-2022-2024-inscricoes-abertas-para-candidatura\/#primaryimage"},"thumbnailUrl":"https:\/\/www.sbglaucoma.org.br\/paciente\/newsletter\/2021\/06-03\/images\/sbg_01.png","datePublished":"2021-05-03T13:31:27+00:00","dateModified":"2021-05-03T20:54:01+00:00","author":{"@id":"https:\/\/www.sbglaucoma.org.br\/paciente\/#\/schema\/person\/e6624ea29d71076b9daf6ca2a992365d"},"breadcrumb":{"@id":"https:\/\/www.sbglaucoma.org.br\/paciente\/eleicoes-bienio-2022-2024-inscricoes-abertas-para-candidatura\/#breadcrumb"},"inLanguage":"pt-BR","potentialAction":[{"@type":"ReadAction","target":["https:\/\/www.sbglaucoma.org.br\/paciente\/eleicoes-bienio-2022-2024-inscricoes-abertas-para-candidatura\/"]}]},{"@type":"ImageObject","inLanguage":"pt-BR","@id":"https:\/\/www.sbglaucoma.org.br\/paciente\/eleicoes-bienio-2022-2024-inscricoes-abertas-para-candidatura\/#primaryimage","url":"https:\/\/www.sbglaucoma.org.br\/paciente\/newsletter\/2021\/06-03\/images\/sbg_01.png","contentUrl":"https:\/\/www.sbglaucoma.org.br\/paciente\/newsletter\/2021\/06-03\/images\/sbg_01.png"},{"@type":"BreadcrumbList","@id":"https:\/\/www.sbglaucoma.org.br\/paciente\/eleicoes-bienio-2022-2024-inscricoes-abertas-para-candidatura\/#breadcrumb","itemListElement":[{"@type":"ListItem","position":1,"name":"In\u00edcio","item":"https:\/\/www.sbglaucoma.org.br\/paciente\/"},{"@type":"ListItem","position":2,"name":"Elei\u00e7\u00f5es Bi\u00eanio 2022-2024 &#8211; Inscri\u00e7\u00f5es abertas para candidatura"}]},{"@type":"WebSite","@id":"https:\/\/www.sbglaucoma.org.br\/paciente\/#website","url":"https:\/\/www.sbglaucoma.org.br\/paciente\/","name":"SBG - Sociedade Brasileira de Glaucoma","description":"","potentialAction":[{"@type":"SearchAction","target":{"@type":"EntryPoint","urlTemplate":"https:\/\/www.sbglaucoma.org.br\/paciente\/?s={search_term_string}"},"query-input":{"@type":"PropertyValueSpecification","valueRequired":true,"valueName":"search_term_string"}}],"inLanguage":"pt-BR"},{"@type":"Person","@id":"https:\/\/www.sbglaucoma.org.br\/paciente\/#\/schema\/person\/e6624ea29d71076b9daf6ca2a992365d","name":"Ricardo","image":{"@type":"ImageObject","inLanguage":"pt-BR","@id":"https:\/\/secure.gravatar.com\/avatar\/44920876e908c0295955ee29232efe54c5c4ae3c36c5fc42ce7d3fba63ad79e4?s=96&d=mm&r=g","url":"https:\/\/secure.gravatar.com\/avatar\/44920876e908c0295955ee29232efe54c5c4ae3c36c5fc42ce7d3fba63ad79e4?s=96&d=mm&r=g","contentUrl":"https:\/\/secure.gravatar.com\/avatar\/44920876e908c0295955ee29232efe54c5c4ae3c36c5fc42ce7d3fba63ad79e4?s=96&d=mm&r=g","caption":"Ricardo"},"url":"https:\/\/www.sbglaucoma.org.br\/paciente\/author\/ricardo\/"}]}},"_links":{"self":[{"href":"https:\/\/www.sbglaucoma.org.br\/paciente\/wp-json\/wp\/v2\/posts\/8262","targetHints":{"allow":["GET"]}}],"collection":[{"href":"https:\/\/www.sbglaucoma.org.br\/paciente\/wp-json\/wp\/v2\/posts"}],"about":[{"href":"https:\/\/www.sbglaucoma.org.br\/paciente\/wp-json\/wp\/v2\/types\/post"}],"author":[{"embeddable":true,"href":"https:\/\/www.sbglaucoma.org.br\/paciente\/wp-json\/wp\/v2\/users\/1"}],"replies":[{"embeddable":true,"href":"https:\/\/www.sbglaucoma.org.br\/paciente\/wp-json\/wp\/v2\/comments?post=8262"}],"version-history":[{"count":1,"href":"https:\/\/www.sbglaucoma.org.br\/paciente\/wp-json\/wp\/v2\/posts\/8262\/revisions"}],"predecessor-version":[{"id":8263,"href":"https:\/\/www.sbglaucoma.org.br\/paciente\/wp-json\/wp\/v2\/posts\/8262\/revisions\/8263"}],"wp:attachment":[{"href":"https:\/\/www.sbglaucoma.org.br\/paciente\/wp-json\/wp\/v2\/media?parent=8262"}],"wp:term":[{"taxonomy":"category","embeddable":true,"href":"https:\/\/www.sbglaucoma.org.br\/paciente\/wp-json\/wp\/v2\/categories?post=8262"},{"taxonomy":"post_tag","embeddable":true,"href":"https:\/\/www.sbglaucoma.org.br\/paciente\/wp-json\/wp\/v2\/tags?post=8262"}],"curies":[{"name":"wp","href":"https:\/\/api.w.org\/{rel}","templated":true}]}}