{"id":8151,"date":"2020-11-23T17:00:01","date_gmt":"2020-11-23T20:00:01","guid":{"rendered":"https:\/\/sbglaucoma2.websiteseguro.com\/paciente\/?p=8151"},"modified":"2020-12-14T17:01:28","modified_gmt":"2020-12-14T20:01:28","slug":"diario-oficial-da-uniao","status":"publish","type":"post","link":"https:\/\/www.sbglaucoma.org.br\/paciente\/diario-oficial-da-uniao\/","title":{"rendered":"Diario Oficial da Uni\u00e3o"},"content":{"rendered":"<p>A portaria SCTIE\/MS n\u00ba 51, divulgada em 11 de novembro de 2020 torna p\u00fablica a decis\u00e3o de ampliar o uso do exame de Tomografia de Coer\u00eancia \u00d3ptica para confirma\u00e7\u00e3o diagn\u00f3stica de glaucoma, no \u00e2mbito do Sistema \u00danico de Sa\u00fade &#8211; SUS.<\/p>\n<p>A SBG apoia mais essa conquista!<img loading=\"lazy\" decoding=\"async\" class=\"aligncenter size-full wp-image-8152\" src=\"https:\/\/www.sbglaucoma.org.br\/paciente\/wp-content\/uploads\/2020\/12\/126327238_3420644207984888_4438335205258597812_o.jpg\" alt=\"126327238_3420644207984888_4438335205258597812_o\" width=\"1080\" height=\"1080\" srcset=\"https:\/\/www.sbglaucoma.org.br\/paciente\/wp-content\/uploads\/2020\/12\/126327238_3420644207984888_4438335205258597812_o.jpg 1080w, https:\/\/www.sbglaucoma.org.br\/paciente\/wp-content\/uploads\/2020\/12\/126327238_3420644207984888_4438335205258597812_o-150x150.jpg 150w, https:\/\/www.sbglaucoma.org.br\/paciente\/wp-content\/uploads\/2020\/12\/126327238_3420644207984888_4438335205258597812_o-300x300.jpg 300w, https:\/\/www.sbglaucoma.org.br\/paciente\/wp-content\/uploads\/2020\/12\/126327238_3420644207984888_4438335205258597812_o-768x768.jpg 768w, https:\/\/www.sbglaucoma.org.br\/paciente\/wp-content\/uploads\/2020\/12\/126327238_3420644207984888_4438335205258597812_o-1024x1024.jpg 1024w\" sizes=\"auto, (max-width: 1080px) 100vw, 1080px\" \/><\/p>\n","protected":false},"excerpt":{"rendered":"<p>A portaria SCTIE\/MS n\u00ba 51, divulgada em 11 de novembro de 2020 torna p\u00fablica a decis\u00e3o de ampliar o uso do exame de Tomografia de Coer\u00eancia \u00d3ptica para confirma\u00e7\u00e3o diagn\u00f3stica de glaucoma, no \u00e2mbito do Sistema \u00danico de Sa\u00fade &#8211; SUS. A SBG apoia mais essa conquista!<\/p>\n","protected":false},"author":1,"featured_media":8152,"comment_status":"open","ping_status":"open","sticky":false,"template":"","format":"standard","meta":{"_acf_changed":false,"footnotes":""},"categories":[44],"tags":[],"class_list":["post-8151","post","type-post","status-publish","format-standard","has-post-thumbnail","hentry","category-noticias"],"acf":[],"yoast_head":"<!-- This site is optimized with the Yoast SEO plugin v27.5 - https:\/\/yoast.com\/product\/yoast-seo-wordpress\/ -->\n<title>Diario Oficial da Uni\u00e3o - SBG - Sociedade Brasileira de Glaucoma<\/title>\n<meta name=\"robots\" content=\"index, follow, max-snippet:-1, max-image-preview:large, max-video-preview:-1\" \/>\n<link rel=\"canonical\" href=\"https:\/\/www.sbglaucoma.org.br\/paciente\/diario-oficial-da-uniao\/\" \/>\n<meta property=\"og:locale\" content=\"pt_BR\" \/>\n<meta property=\"og:type\" content=\"article\" \/>\n<meta property=\"og:title\" content=\"Diario Oficial da Uni\u00e3o - SBG - Sociedade Brasileira de Glaucoma\" \/>\n<meta property=\"og:description\" content=\"A portaria SCTIE\/MS n\u00ba 51, divulgada em 11 de novembro de 2020 torna p\u00fablica a decis\u00e3o de ampliar o uso do exame de Tomografia de Coer\u00eancia \u00d3ptica para confirma\u00e7\u00e3o diagn\u00f3stica de glaucoma, no \u00e2mbito do Sistema \u00danico de Sa\u00fade &#8211; SUS. A SBG apoia mais essa conquista!\" \/>\n<meta property=\"og:url\" content=\"https:\/\/www.sbglaucoma.org.br\/paciente\/diario-oficial-da-uniao\/\" \/>\n<meta property=\"og:site_name\" content=\"SBG - Sociedade Brasileira de Glaucoma\" \/>\n<meta property=\"article:published_time\" content=\"2020-11-23T20:00:01+00:00\" \/>\n<meta property=\"article:modified_time\" content=\"2020-12-14T20:01:28+00:00\" \/>\n<meta property=\"og:image\" content=\"https:\/\/www.sbglaucoma.org.br\/paciente\/wp-content\/uploads\/2020\/12\/126327238_3420644207984888_4438335205258597812_o.jpg\" \/>\n\t<meta property=\"og:image:width\" content=\"1080\" \/>\n\t<meta property=\"og:image:height\" content=\"1080\" \/>\n\t<meta property=\"og:image:type\" content=\"image\/jpeg\" \/>\n<meta name=\"author\" content=\"Ricardo\" \/>\n<meta name=\"twitter:card\" content=\"summary_large_image\" \/>\n<meta name=\"twitter:label1\" content=\"Escrito por\" \/>\n\t<meta name=\"twitter:data1\" content=\"Ricardo\" \/>\n<script type=\"application\/ld+json\" class=\"yoast-schema-graph\">{\"@context\":\"https:\\\/\\\/schema.org\",\"@graph\":[{\"@type\":\"Article\",\"@id\":\"https:\\\/\\\/www.sbglaucoma.org.br\\\/paciente\\\/diario-oficial-da-uniao\\\/#article\",\"isPartOf\":{\"@id\":\"https:\\\/\\\/www.sbglaucoma.org.br\\\/paciente\\\/diario-oficial-da-uniao\\\/\"},\"author\":{\"name\":\"Ricardo\",\"@id\":\"https:\\\/\\\/www.sbglaucoma.org.br\\\/paciente\\\/#\\\/schema\\\/person\\\/e6624ea29d71076b9daf6ca2a992365d\"},\"headline\":\"Diario Oficial da Uni\u00e3o\",\"datePublished\":\"2020-11-23T20:00:01+00:00\",\"dateModified\":\"2020-12-14T20:01:28+00:00\",\"mainEntityOfPage\":{\"@id\":\"https:\\\/\\\/www.sbglaucoma.org.br\\\/paciente\\\/diario-oficial-da-uniao\\\/\"},\"wordCount\":56,\"commentCount\":0,\"image\":{\"@id\":\"https:\\\/\\\/www.sbglaucoma.org.br\\\/paciente\\\/diario-oficial-da-uniao\\\/#primaryimage\"},\"thumbnailUrl\":\"https:\\\/\\\/www.sbglaucoma.org.br\\\/paciente\\\/wp-content\\\/uploads\\\/2020\\\/12\\\/126327238_3420644207984888_4438335205258597812_o.jpg\",\"articleSection\":[\"Not\u00edcias\"],\"inLanguage\":\"pt-BR\",\"potentialAction\":[{\"@type\":\"CommentAction\",\"name\":\"Comment\",\"target\":[\"https:\\\/\\\/www.sbglaucoma.org.br\\\/paciente\\\/diario-oficial-da-uniao\\\/#respond\"]}]},{\"@type\":\"WebPage\",\"@id\":\"https:\\\/\\\/www.sbglaucoma.org.br\\\/paciente\\\/diario-oficial-da-uniao\\\/\",\"url\":\"https:\\\/\\\/www.sbglaucoma.org.br\\\/paciente\\\/diario-oficial-da-uniao\\\/\",\"name\":\"Diario Oficial da Uni\u00e3o - SBG - Sociedade Brasileira de Glaucoma\",\"isPartOf\":{\"@id\":\"https:\\\/\\\/www.sbglaucoma.org.br\\\/paciente\\\/#website\"},\"primaryImageOfPage\":{\"@id\":\"https:\\\/\\\/www.sbglaucoma.org.br\\\/paciente\\\/diario-oficial-da-uniao\\\/#primaryimage\"},\"image\":{\"@id\":\"https:\\\/\\\/www.sbglaucoma.org.br\\\/paciente\\\/diario-oficial-da-uniao\\\/#primaryimage\"},\"thumbnailUrl\":\"https:\\\/\\\/www.sbglaucoma.org.br\\\/paciente\\\/wp-content\\\/uploads\\\/2020\\\/12\\\/126327238_3420644207984888_4438335205258597812_o.jpg\",\"datePublished\":\"2020-11-23T20:00:01+00:00\",\"dateModified\":\"2020-12-14T20:01:28+00:00\",\"author\":{\"@id\":\"https:\\\/\\\/www.sbglaucoma.org.br\\\/paciente\\\/#\\\/schema\\\/person\\\/e6624ea29d71076b9daf6ca2a992365d\"},\"breadcrumb\":{\"@id\":\"https:\\\/\\\/www.sbglaucoma.org.br\\\/paciente\\\/diario-oficial-da-uniao\\\/#breadcrumb\"},\"inLanguage\":\"pt-BR\",\"potentialAction\":[{\"@type\":\"ReadAction\",\"target\":[\"https:\\\/\\\/www.sbglaucoma.org.br\\\/paciente\\\/diario-oficial-da-uniao\\\/\"]}]},{\"@type\":\"ImageObject\",\"inLanguage\":\"pt-BR\",\"@id\":\"https:\\\/\\\/www.sbglaucoma.org.br\\\/paciente\\\/diario-oficial-da-uniao\\\/#primaryimage\",\"url\":\"https:\\\/\\\/www.sbglaucoma.org.br\\\/paciente\\\/wp-content\\\/uploads\\\/2020\\\/12\\\/126327238_3420644207984888_4438335205258597812_o.jpg\",\"contentUrl\":\"https:\\\/\\\/www.sbglaucoma.org.br\\\/paciente\\\/wp-content\\\/uploads\\\/2020\\\/12\\\/126327238_3420644207984888_4438335205258597812_o.jpg\",\"width\":1080,\"height\":1080},{\"@type\":\"BreadcrumbList\",\"@id\":\"https:\\\/\\\/www.sbglaucoma.org.br\\\/paciente\\\/diario-oficial-da-uniao\\\/#breadcrumb\",\"itemListElement\":[{\"@type\":\"ListItem\",\"position\":1,\"name\":\"In\u00edcio\",\"item\":\"https:\\\/\\\/www.sbglaucoma.org.br\\\/paciente\\\/\"},{\"@type\":\"ListItem\",\"position\":2,\"name\":\"Diario Oficial da Uni\u00e3o\"}]},{\"@type\":\"WebSite\",\"@id\":\"https:\\\/\\\/www.sbglaucoma.org.br\\\/paciente\\\/#website\",\"url\":\"https:\\\/\\\/www.sbglaucoma.org.br\\\/paciente\\\/\",\"name\":\"SBG - Sociedade Brasileira de Glaucoma\",\"description\":\"\",\"potentialAction\":[{\"@type\":\"SearchAction\",\"target\":{\"@type\":\"EntryPoint\",\"urlTemplate\":\"https:\\\/\\\/www.sbglaucoma.org.br\\\/paciente\\\/?s={search_term_string}\"},\"query-input\":{\"@type\":\"PropertyValueSpecification\",\"valueRequired\":true,\"valueName\":\"search_term_string\"}}],\"inLanguage\":\"pt-BR\"},{\"@type\":\"Person\",\"@id\":\"https:\\\/\\\/www.sbglaucoma.org.br\\\/paciente\\\/#\\\/schema\\\/person\\\/e6624ea29d71076b9daf6ca2a992365d\",\"name\":\"Ricardo\",\"image\":{\"@type\":\"ImageObject\",\"inLanguage\":\"pt-BR\",\"@id\":\"https:\\\/\\\/secure.gravatar.com\\\/avatar\\\/44920876e908c0295955ee29232efe54c5c4ae3c36c5fc42ce7d3fba63ad79e4?s=96&d=mm&r=g\",\"url\":\"https:\\\/\\\/secure.gravatar.com\\\/avatar\\\/44920876e908c0295955ee29232efe54c5c4ae3c36c5fc42ce7d3fba63ad79e4?s=96&d=mm&r=g\",\"contentUrl\":\"https:\\\/\\\/secure.gravatar.com\\\/avatar\\\/44920876e908c0295955ee29232efe54c5c4ae3c36c5fc42ce7d3fba63ad79e4?s=96&d=mm&r=g\",\"caption\":\"Ricardo\"},\"url\":\"https:\\\/\\\/www.sbglaucoma.org.br\\\/paciente\\\/author\\\/ricardo\\\/\"}]}<\/script>\n<!-- \/ Yoast SEO plugin. -->","yoast_head_json":{"title":"Diario Oficial da Uni\u00e3o - SBG - Sociedade Brasileira de Glaucoma","robots":{"index":"index","follow":"follow","max-snippet":"max-snippet:-1","max-image-preview":"max-image-preview:large","max-video-preview":"max-video-preview:-1"},"canonical":"https:\/\/www.sbglaucoma.org.br\/paciente\/diario-oficial-da-uniao\/","og_locale":"pt_BR","og_type":"article","og_title":"Diario Oficial da Uni\u00e3o - SBG - Sociedade Brasileira de Glaucoma","og_description":"A portaria SCTIE\/MS n\u00ba 51, divulgada em 11 de novembro de 2020 torna p\u00fablica a decis\u00e3o de ampliar o uso do exame de Tomografia de Coer\u00eancia \u00d3ptica para confirma\u00e7\u00e3o diagn\u00f3stica de glaucoma, no \u00e2mbito do Sistema \u00danico de Sa\u00fade &#8211; SUS. A SBG apoia mais essa conquista!","og_url":"https:\/\/www.sbglaucoma.org.br\/paciente\/diario-oficial-da-uniao\/","og_site_name":"SBG - Sociedade Brasileira de Glaucoma","article_published_time":"2020-11-23T20:00:01+00:00","article_modified_time":"2020-12-14T20:01:28+00:00","og_image":[{"width":1080,"height":1080,"url":"https:\/\/www.sbglaucoma.org.br\/paciente\/wp-content\/uploads\/2020\/12\/126327238_3420644207984888_4438335205258597812_o.jpg","type":"image\/jpeg"}],"author":"Ricardo","twitter_card":"summary_large_image","twitter_misc":{"Escrito por":"Ricardo"},"schema":{"@context":"https:\/\/schema.org","@graph":[{"@type":"Article","@id":"https:\/\/www.sbglaucoma.org.br\/paciente\/diario-oficial-da-uniao\/#article","isPartOf":{"@id":"https:\/\/www.sbglaucoma.org.br\/paciente\/diario-oficial-da-uniao\/"},"author":{"name":"Ricardo","@id":"https:\/\/www.sbglaucoma.org.br\/paciente\/#\/schema\/person\/e6624ea29d71076b9daf6ca2a992365d"},"headline":"Diario Oficial da Uni\u00e3o","datePublished":"2020-11-23T20:00:01+00:00","dateModified":"2020-12-14T20:01:28+00:00","mainEntityOfPage":{"@id":"https:\/\/www.sbglaucoma.org.br\/paciente\/diario-oficial-da-uniao\/"},"wordCount":56,"commentCount":0,"image":{"@id":"https:\/\/www.sbglaucoma.org.br\/paciente\/diario-oficial-da-uniao\/#primaryimage"},"thumbnailUrl":"https:\/\/www.sbglaucoma.org.br\/paciente\/wp-content\/uploads\/2020\/12\/126327238_3420644207984888_4438335205258597812_o.jpg","articleSection":["Not\u00edcias"],"inLanguage":"pt-BR","potentialAction":[{"@type":"CommentAction","name":"Comment","target":["https:\/\/www.sbglaucoma.org.br\/paciente\/diario-oficial-da-uniao\/#respond"]}]},{"@type":"WebPage","@id":"https:\/\/www.sbglaucoma.org.br\/paciente\/diario-oficial-da-uniao\/","url":"https:\/\/www.sbglaucoma.org.br\/paciente\/diario-oficial-da-uniao\/","name":"Diario Oficial da Uni\u00e3o - SBG - Sociedade Brasileira de Glaucoma","isPartOf":{"@id":"https:\/\/www.sbglaucoma.org.br\/paciente\/#website"},"primaryImageOfPage":{"@id":"https:\/\/www.sbglaucoma.org.br\/paciente\/diario-oficial-da-uniao\/#primaryimage"},"image":{"@id":"https:\/\/www.sbglaucoma.org.br\/paciente\/diario-oficial-da-uniao\/#primaryimage"},"thumbnailUrl":"https:\/\/www.sbglaucoma.org.br\/paciente\/wp-content\/uploads\/2020\/12\/126327238_3420644207984888_4438335205258597812_o.jpg","datePublished":"2020-11-23T20:00:01+00:00","dateModified":"2020-12-14T20:01:28+00:00","author":{"@id":"https:\/\/www.sbglaucoma.org.br\/paciente\/#\/schema\/person\/e6624ea29d71076b9daf6ca2a992365d"},"breadcrumb":{"@id":"https:\/\/www.sbglaucoma.org.br\/paciente\/diario-oficial-da-uniao\/#breadcrumb"},"inLanguage":"pt-BR","potentialAction":[{"@type":"ReadAction","target":["https:\/\/www.sbglaucoma.org.br\/paciente\/diario-oficial-da-uniao\/"]}]},{"@type":"ImageObject","inLanguage":"pt-BR","@id":"https:\/\/www.sbglaucoma.org.br\/paciente\/diario-oficial-da-uniao\/#primaryimage","url":"https:\/\/www.sbglaucoma.org.br\/paciente\/wp-content\/uploads\/2020\/12\/126327238_3420644207984888_4438335205258597812_o.jpg","contentUrl":"https:\/\/www.sbglaucoma.org.br\/paciente\/wp-content\/uploads\/2020\/12\/126327238_3420644207984888_4438335205258597812_o.jpg","width":1080,"height":1080},{"@type":"BreadcrumbList","@id":"https:\/\/www.sbglaucoma.org.br\/paciente\/diario-oficial-da-uniao\/#breadcrumb","itemListElement":[{"@type":"ListItem","position":1,"name":"In\u00edcio","item":"https:\/\/www.sbglaucoma.org.br\/paciente\/"},{"@type":"ListItem","position":2,"name":"Diario Oficial da Uni\u00e3o"}]},{"@type":"WebSite","@id":"https:\/\/www.sbglaucoma.org.br\/paciente\/#website","url":"https:\/\/www.sbglaucoma.org.br\/paciente\/","name":"SBG - Sociedade Brasileira de Glaucoma","description":"","potentialAction":[{"@type":"SearchAction","target":{"@type":"EntryPoint","urlTemplate":"https:\/\/www.sbglaucoma.org.br\/paciente\/?s={search_term_string}"},"query-input":{"@type":"PropertyValueSpecification","valueRequired":true,"valueName":"search_term_string"}}],"inLanguage":"pt-BR"},{"@type":"Person","@id":"https:\/\/www.sbglaucoma.org.br\/paciente\/#\/schema\/person\/e6624ea29d71076b9daf6ca2a992365d","name":"Ricardo","image":{"@type":"ImageObject","inLanguage":"pt-BR","@id":"https:\/\/secure.gravatar.com\/avatar\/44920876e908c0295955ee29232efe54c5c4ae3c36c5fc42ce7d3fba63ad79e4?s=96&d=mm&r=g","url":"https:\/\/secure.gravatar.com\/avatar\/44920876e908c0295955ee29232efe54c5c4ae3c36c5fc42ce7d3fba63ad79e4?s=96&d=mm&r=g","contentUrl":"https:\/\/secure.gravatar.com\/avatar\/44920876e908c0295955ee29232efe54c5c4ae3c36c5fc42ce7d3fba63ad79e4?s=96&d=mm&r=g","caption":"Ricardo"},"url":"https:\/\/www.sbglaucoma.org.br\/paciente\/author\/ricardo\/"}]}},"_links":{"self":[{"href":"https:\/\/www.sbglaucoma.org.br\/paciente\/wp-json\/wp\/v2\/posts\/8151","targetHints":{"allow":["GET"]}}],"collection":[{"href":"https:\/\/www.sbglaucoma.org.br\/paciente\/wp-json\/wp\/v2\/posts"}],"about":[{"href":"https:\/\/www.sbglaucoma.org.br\/paciente\/wp-json\/wp\/v2\/types\/post"}],"author":[{"embeddable":true,"href":"https:\/\/www.sbglaucoma.org.br\/paciente\/wp-json\/wp\/v2\/users\/1"}],"replies":[{"embeddable":true,"href":"https:\/\/www.sbglaucoma.org.br\/paciente\/wp-json\/wp\/v2\/comments?post=8151"}],"version-history":[{"count":1,"href":"https:\/\/www.sbglaucoma.org.br\/paciente\/wp-json\/wp\/v2\/posts\/8151\/revisions"}],"predecessor-version":[{"id":8153,"href":"https:\/\/www.sbglaucoma.org.br\/paciente\/wp-json\/wp\/v2\/posts\/8151\/revisions\/8153"}],"wp:featuredmedia":[{"embeddable":true,"href":"https:\/\/www.sbglaucoma.org.br\/paciente\/wp-json\/wp\/v2\/media\/8152"}],"wp:attachment":[{"href":"https:\/\/www.sbglaucoma.org.br\/paciente\/wp-json\/wp\/v2\/media?parent=8151"}],"wp:term":[{"taxonomy":"category","embeddable":true,"href":"https:\/\/www.sbglaucoma.org.br\/paciente\/wp-json\/wp\/v2\/categories?post=8151"},{"taxonomy":"post_tag","embeddable":true,"href":"https:\/\/www.sbglaucoma.org.br\/paciente\/wp-json\/wp\/v2\/tags?post=8151"}],"curies":[{"name":"wp","href":"https:\/\/api.w.org\/{rel}","templated":true}]}}