{"id":8087,"date":"2020-11-09T17:50:55","date_gmt":"2020-11-09T20:50:55","guid":{"rendered":"https:\/\/sbglaucoma2.websiteseguro.com\/paciente\/?p=8087"},"modified":"2020-11-09T17:51:49","modified_gmt":"2020-11-09T20:51:49","slug":"consulta-publica-ans-n-81","status":"publish","type":"post","link":"https:\/\/www.sbglaucoma.org.br\/paciente\/consulta-publica-ans-n-81\/","title":{"rendered":"Consulta P\u00fablica ANS n\u00b0 81"},"content":{"rendered":"<div class=\"kvgmc6g5 cxmmr5t8 oygrvhab hcukyx3x c1et5uql ii04i59q\">\n<div dir=\"auto\"><strong>Contribui\u00e7\u00e3o para recomenda\u00e7\u00f5es relacionadas \u00e0s propostas de procedimentos<\/strong><\/div>\n<div dir=\"auto\"><\/div>\n<div dir=\"auto\">O Conselho Brasileiro de Oftalmologia tem trabalhado regularmente junto \u00e0 Sa\u00fade Suplementar buscando a melhoria das condi\u00e7\u00f5es de trabalho para os oftalmologistas.<\/div>\n<\/div>\n<div class=\"o9v6fnle cxmmr5t8 oygrvhab hcukyx3x c1et5uql ii04i59q\">\n<div dir=\"auto\">Alguns dos pleitos do CBO para a atualiza\u00e7\u00e3o do Rol de Procedimentos da ANS encontram-se na Consulta Publica n\u00ba 81.<\/div>\n<\/div>\n<div class=\"o9v6fnle cxmmr5t8 oygrvhab hcukyx3x c1et5uql ii04i59q\">\n<div dir=\"auto\"><\/div>\n<div dir=\"auto\">Agora chegou o seu momento de contribuir!<\/div>\n<\/div>\n<div class=\"o9v6fnle cxmmr5t8 oygrvhab hcukyx3x c1et5uql ii04i59q\">\n<div dir=\"auto\"><span class=\"pq6dq46d tbxw36s4 knj5qynh kvgmc6g5 ditlmg2l oygrvhab nvdbi5me sf5mxxl7 gl3lb2sf hhz5lgdu\"><img loading=\"lazy\" decoding=\"async\" src=\"https:\/\/static.xx.fbcdn.net\/images\/emoji.php\/v9\/t51\/1\/16\/1f449.png\" alt=\"&#x1f449;\" width=\"16\" height=\"16\" \/><\/span> Acesse: <a class=\"oajrlxb2 g5ia77u1 qu0x051f esr5mh6w e9989ue4 r7d6kgcz rq0escxv nhd2j8a9 nc684nl6 p7hjln8o kvgmc6g5 cxmmr5t8 oygrvhab hcukyx3x jb3vyjys rz4wbd8a qt6c0cv9 a8nywdso i1ao9s8h esuyzwwr f1sip0of lzcic4wl py34i1dx gpro0wi8\" tabindex=\"0\" href=\"https:\/\/bit.ly\/consultapublica81?fbclid=IwAR2kMec4NNxYwNp0-PVWBFPB18CjPnQzGc2WLVeC8_-L5-p1iBb_1Y4yEiM\" target=\"_blank\" rel=\"nofollow noopener\">https:\/\/bit.ly\/consultapublica81<\/a><\/div>\n<\/div>\n<div class=\"o9v6fnle cxmmr5t8 oygrvhab hcukyx3x c1et5uql ii04i59q\">\n<div dir=\"auto\"><\/div>\n<div dir=\"auto\">Antes de realizar sua contribui\u00e7\u00e3o, \u00e9 importante conhecer a recomenda\u00e7\u00e3o preliminar formulada para a UAT (Unidade de An\u00e1lise T\u00e9cnica) de seu interesse. As<\/div>\n<div dir=\"auto\">recomenda\u00e7\u00f5es preliminares podem ser favor\u00e1veis ou desfavor\u00e1veis \u00e0 proposta de\u00a0atualiza\u00e7\u00e3o, conforme resultado da an\u00e1lise t\u00e9cnica da ANS.<\/div>\n<\/div>\n<div dir=\"auto\"><\/div>\n<div dir=\"auto\" style=\"text-align: center;\"><a href=\"http:\/\/www.ans.gov.br\/participacao-da-sociedade\/consultas-e-participacoes-publicas\/consulta-publica-n-81-atualizacao-do-rol-de-procedimentos-e-eventos-em-saude-ciclo-2019-2020\/consulta-publica-n-81-contribuicao-para-recomendacoes-relacionadas-as-propostas-de-procedimentos\" target=\"_blank\"><img loading=\"lazy\" decoding=\"async\" class=\"aligncenter size-full wp-image-8088\" src=\"https:\/\/www.sbglaucoma.org.br\/paciente\/wp-content\/uploads\/2020\/11\/sbg.png\" alt=\"sbg\" width=\"750\" height=\"1133\" srcset=\"https:\/\/www.sbglaucoma.org.br\/paciente\/wp-content\/uploads\/2020\/11\/sbg.png 750w, https:\/\/www.sbglaucoma.org.br\/paciente\/wp-content\/uploads\/2020\/11\/sbg-199x300.png 199w, https:\/\/www.sbglaucoma.org.br\/paciente\/wp-content\/uploads\/2020\/11\/sbg-678x1024.png 678w\" sizes=\"auto, (max-width: 750px) 100vw, 750px\" \/><\/a><\/div>\n","protected":false},"excerpt":{"rendered":"<p>Contribui\u00e7\u00e3o para recomenda\u00e7\u00f5es relacionadas \u00e0s propostas de procedimentos O Conselho Brasileiro de Oftalmologia tem trabalhado regularmente junto \u00e0 Sa\u00fade Suplementar buscando a melhoria das condi\u00e7\u00f5es de trabalho para os oftalmologistas. Alguns dos pleitos do CBO para a atualiza\u00e7\u00e3o do Rol de Procedimentos da ANS encontram-se na Consulta Publica n\u00ba 81. Agora chegou o seu momento [&hellip;]<\/p>\n","protected":false},"author":1,"featured_media":8089,"comment_status":"open","ping_status":"open","sticky":false,"template":"","format":"standard","meta":{"_acf_changed":false,"footnotes":""},"categories":[44],"tags":[],"class_list":["post-8087","post","type-post","status-publish","format-standard","has-post-thumbnail","hentry","category-noticias"],"acf":[],"yoast_head":"<!-- This site is optimized with the Yoast SEO plugin v27.5 - https:\/\/yoast.com\/product\/yoast-seo-wordpress\/ -->\n<title>Consulta P\u00fablica ANS n\u00b0 81 - SBG - Sociedade Brasileira de Glaucoma<\/title>\n<meta name=\"robots\" content=\"index, follow, max-snippet:-1, max-image-preview:large, max-video-preview:-1\" \/>\n<link rel=\"canonical\" href=\"https:\/\/www.sbglaucoma.org.br\/paciente\/consulta-publica-ans-n-81\/\" \/>\n<meta property=\"og:locale\" content=\"pt_BR\" \/>\n<meta property=\"og:type\" content=\"article\" \/>\n<meta property=\"og:title\" content=\"Consulta P\u00fablica ANS n\u00b0 81 - SBG - Sociedade Brasileira de Glaucoma\" \/>\n<meta property=\"og:description\" content=\"Contribui\u00e7\u00e3o para recomenda\u00e7\u00f5es relacionadas \u00e0s propostas de procedimentos O Conselho Brasileiro de Oftalmologia tem trabalhado regularmente junto \u00e0 Sa\u00fade Suplementar buscando a melhoria das condi\u00e7\u00f5es de trabalho para os oftalmologistas. Alguns dos pleitos do CBO para a atualiza\u00e7\u00e3o do Rol de Procedimentos da ANS encontram-se na Consulta Publica n\u00ba 81. Agora chegou o seu momento [&hellip;]\" \/>\n<meta property=\"og:url\" content=\"https:\/\/www.sbglaucoma.org.br\/paciente\/consulta-publica-ans-n-81\/\" \/>\n<meta property=\"og:site_name\" content=\"SBG - Sociedade Brasileira de Glaucoma\" \/>\n<meta property=\"article:published_time\" content=\"2020-11-09T20:50:55+00:00\" \/>\n<meta property=\"article:modified_time\" content=\"2020-11-09T20:51:49+00:00\" \/>\n<meta property=\"og:image\" content=\"https:\/\/www.sbglaucoma.org.br\/paciente\/wp-content\/uploads\/2020\/11\/2020-11-09-sbg-post-consulta-publica.png\" \/>\n\t<meta property=\"og:image:width\" content=\"1080\" \/>\n\t<meta property=\"og:image:height\" content=\"1080\" \/>\n\t<meta property=\"og:image:type\" content=\"image\/png\" \/>\n<meta name=\"author\" content=\"Ricardo\" \/>\n<meta name=\"twitter:card\" content=\"summary_large_image\" \/>\n<meta name=\"twitter:label1\" content=\"Escrito por\" \/>\n\t<meta name=\"twitter:data1\" content=\"Ricardo\" \/>\n\t<meta name=\"twitter:label2\" content=\"Est. tempo de leitura\" \/>\n\t<meta name=\"twitter:data2\" content=\"1 minuto\" \/>\n<script type=\"application\/ld+json\" class=\"yoast-schema-graph\">{\"@context\":\"https:\\\/\\\/schema.org\",\"@graph\":[{\"@type\":\"Article\",\"@id\":\"https:\\\/\\\/www.sbglaucoma.org.br\\\/paciente\\\/consulta-publica-ans-n-81\\\/#article\",\"isPartOf\":{\"@id\":\"https:\\\/\\\/www.sbglaucoma.org.br\\\/paciente\\\/consulta-publica-ans-n-81\\\/\"},\"author\":{\"name\":\"Ricardo\",\"@id\":\"https:\\\/\\\/www.sbglaucoma.org.br\\\/paciente\\\/#\\\/schema\\\/person\\\/e6624ea29d71076b9daf6ca2a992365d\"},\"headline\":\"Consulta P\u00fablica ANS n\u00b0 81\",\"datePublished\":\"2020-11-09T20:50:55+00:00\",\"dateModified\":\"2020-11-09T20:51:49+00:00\",\"mainEntityOfPage\":{\"@id\":\"https:\\\/\\\/www.sbglaucoma.org.br\\\/paciente\\\/consulta-publica-ans-n-81\\\/\"},\"wordCount\":119,\"commentCount\":0,\"image\":{\"@id\":\"https:\\\/\\\/www.sbglaucoma.org.br\\\/paciente\\\/consulta-publica-ans-n-81\\\/#primaryimage\"},\"thumbnailUrl\":\"https:\\\/\\\/www.sbglaucoma.org.br\\\/paciente\\\/wp-content\\\/uploads\\\/2020\\\/11\\\/2020-11-09-sbg-post-consulta-publica.png\",\"articleSection\":[\"Not\u00edcias\"],\"inLanguage\":\"pt-BR\",\"potentialAction\":[{\"@type\":\"CommentAction\",\"name\":\"Comment\",\"target\":[\"https:\\\/\\\/www.sbglaucoma.org.br\\\/paciente\\\/consulta-publica-ans-n-81\\\/#respond\"]}]},{\"@type\":\"WebPage\",\"@id\":\"https:\\\/\\\/www.sbglaucoma.org.br\\\/paciente\\\/consulta-publica-ans-n-81\\\/\",\"url\":\"https:\\\/\\\/www.sbglaucoma.org.br\\\/paciente\\\/consulta-publica-ans-n-81\\\/\",\"name\":\"Consulta P\u00fablica ANS n\u00b0 81 - SBG - Sociedade Brasileira de Glaucoma\",\"isPartOf\":{\"@id\":\"https:\\\/\\\/www.sbglaucoma.org.br\\\/paciente\\\/#website\"},\"primaryImageOfPage\":{\"@id\":\"https:\\\/\\\/www.sbglaucoma.org.br\\\/paciente\\\/consulta-publica-ans-n-81\\\/#primaryimage\"},\"image\":{\"@id\":\"https:\\\/\\\/www.sbglaucoma.org.br\\\/paciente\\\/consulta-publica-ans-n-81\\\/#primaryimage\"},\"thumbnailUrl\":\"https:\\\/\\\/www.sbglaucoma.org.br\\\/paciente\\\/wp-content\\\/uploads\\\/2020\\\/11\\\/2020-11-09-sbg-post-consulta-publica.png\",\"datePublished\":\"2020-11-09T20:50:55+00:00\",\"dateModified\":\"2020-11-09T20:51:49+00:00\",\"author\":{\"@id\":\"https:\\\/\\\/www.sbglaucoma.org.br\\\/paciente\\\/#\\\/schema\\\/person\\\/e6624ea29d71076b9daf6ca2a992365d\"},\"breadcrumb\":{\"@id\":\"https:\\\/\\\/www.sbglaucoma.org.br\\\/paciente\\\/consulta-publica-ans-n-81\\\/#breadcrumb\"},\"inLanguage\":\"pt-BR\",\"potentialAction\":[{\"@type\":\"ReadAction\",\"target\":[\"https:\\\/\\\/www.sbglaucoma.org.br\\\/paciente\\\/consulta-publica-ans-n-81\\\/\"]}]},{\"@type\":\"ImageObject\",\"inLanguage\":\"pt-BR\",\"@id\":\"https:\\\/\\\/www.sbglaucoma.org.br\\\/paciente\\\/consulta-publica-ans-n-81\\\/#primaryimage\",\"url\":\"https:\\\/\\\/www.sbglaucoma.org.br\\\/paciente\\\/wp-content\\\/uploads\\\/2020\\\/11\\\/2020-11-09-sbg-post-consulta-publica.png\",\"contentUrl\":\"https:\\\/\\\/www.sbglaucoma.org.br\\\/paciente\\\/wp-content\\\/uploads\\\/2020\\\/11\\\/2020-11-09-sbg-post-consulta-publica.png\",\"width\":1080,\"height\":1080},{\"@type\":\"BreadcrumbList\",\"@id\":\"https:\\\/\\\/www.sbglaucoma.org.br\\\/paciente\\\/consulta-publica-ans-n-81\\\/#breadcrumb\",\"itemListElement\":[{\"@type\":\"ListItem\",\"position\":1,\"name\":\"In\u00edcio\",\"item\":\"https:\\\/\\\/www.sbglaucoma.org.br\\\/paciente\\\/\"},{\"@type\":\"ListItem\",\"position\":2,\"name\":\"Consulta P\u00fablica ANS n\u00b0 81\"}]},{\"@type\":\"WebSite\",\"@id\":\"https:\\\/\\\/www.sbglaucoma.org.br\\\/paciente\\\/#website\",\"url\":\"https:\\\/\\\/www.sbglaucoma.org.br\\\/paciente\\\/\",\"name\":\"SBG - Sociedade Brasileira de Glaucoma\",\"description\":\"\",\"potentialAction\":[{\"@type\":\"SearchAction\",\"target\":{\"@type\":\"EntryPoint\",\"urlTemplate\":\"https:\\\/\\\/www.sbglaucoma.org.br\\\/paciente\\\/?s={search_term_string}\"},\"query-input\":{\"@type\":\"PropertyValueSpecification\",\"valueRequired\":true,\"valueName\":\"search_term_string\"}}],\"inLanguage\":\"pt-BR\"},{\"@type\":\"Person\",\"@id\":\"https:\\\/\\\/www.sbglaucoma.org.br\\\/paciente\\\/#\\\/schema\\\/person\\\/e6624ea29d71076b9daf6ca2a992365d\",\"name\":\"Ricardo\",\"image\":{\"@type\":\"ImageObject\",\"inLanguage\":\"pt-BR\",\"@id\":\"https:\\\/\\\/secure.gravatar.com\\\/avatar\\\/44920876e908c0295955ee29232efe54c5c4ae3c36c5fc42ce7d3fba63ad79e4?s=96&d=mm&r=g\",\"url\":\"https:\\\/\\\/secure.gravatar.com\\\/avatar\\\/44920876e908c0295955ee29232efe54c5c4ae3c36c5fc42ce7d3fba63ad79e4?s=96&d=mm&r=g\",\"contentUrl\":\"https:\\\/\\\/secure.gravatar.com\\\/avatar\\\/44920876e908c0295955ee29232efe54c5c4ae3c36c5fc42ce7d3fba63ad79e4?s=96&d=mm&r=g\",\"caption\":\"Ricardo\"},\"url\":\"https:\\\/\\\/www.sbglaucoma.org.br\\\/paciente\\\/author\\\/ricardo\\\/\"}]}<\/script>\n<!-- \/ Yoast SEO plugin. -->","yoast_head_json":{"title":"Consulta P\u00fablica ANS n\u00b0 81 - SBG - Sociedade Brasileira de Glaucoma","robots":{"index":"index","follow":"follow","max-snippet":"max-snippet:-1","max-image-preview":"max-image-preview:large","max-video-preview":"max-video-preview:-1"},"canonical":"https:\/\/www.sbglaucoma.org.br\/paciente\/consulta-publica-ans-n-81\/","og_locale":"pt_BR","og_type":"article","og_title":"Consulta P\u00fablica ANS n\u00b0 81 - SBG - Sociedade Brasileira de Glaucoma","og_description":"Contribui\u00e7\u00e3o para recomenda\u00e7\u00f5es relacionadas \u00e0s propostas de procedimentos O Conselho Brasileiro de Oftalmologia tem trabalhado regularmente junto \u00e0 Sa\u00fade Suplementar buscando a melhoria das condi\u00e7\u00f5es de trabalho para os oftalmologistas. Alguns dos pleitos do CBO para a atualiza\u00e7\u00e3o do Rol de Procedimentos da ANS encontram-se na Consulta Publica n\u00ba 81. Agora chegou o seu momento [&hellip;]","og_url":"https:\/\/www.sbglaucoma.org.br\/paciente\/consulta-publica-ans-n-81\/","og_site_name":"SBG - Sociedade Brasileira de Glaucoma","article_published_time":"2020-11-09T20:50:55+00:00","article_modified_time":"2020-11-09T20:51:49+00:00","og_image":[{"width":1080,"height":1080,"url":"https:\/\/www.sbglaucoma.org.br\/paciente\/wp-content\/uploads\/2020\/11\/2020-11-09-sbg-post-consulta-publica.png","type":"image\/png"}],"author":"Ricardo","twitter_card":"summary_large_image","twitter_misc":{"Escrito por":"Ricardo","Est. tempo de leitura":"1 minuto"},"schema":{"@context":"https:\/\/schema.org","@graph":[{"@type":"Article","@id":"https:\/\/www.sbglaucoma.org.br\/paciente\/consulta-publica-ans-n-81\/#article","isPartOf":{"@id":"https:\/\/www.sbglaucoma.org.br\/paciente\/consulta-publica-ans-n-81\/"},"author":{"name":"Ricardo","@id":"https:\/\/www.sbglaucoma.org.br\/paciente\/#\/schema\/person\/e6624ea29d71076b9daf6ca2a992365d"},"headline":"Consulta P\u00fablica ANS n\u00b0 81","datePublished":"2020-11-09T20:50:55+00:00","dateModified":"2020-11-09T20:51:49+00:00","mainEntityOfPage":{"@id":"https:\/\/www.sbglaucoma.org.br\/paciente\/consulta-publica-ans-n-81\/"},"wordCount":119,"commentCount":0,"image":{"@id":"https:\/\/www.sbglaucoma.org.br\/paciente\/consulta-publica-ans-n-81\/#primaryimage"},"thumbnailUrl":"https:\/\/www.sbglaucoma.org.br\/paciente\/wp-content\/uploads\/2020\/11\/2020-11-09-sbg-post-consulta-publica.png","articleSection":["Not\u00edcias"],"inLanguage":"pt-BR","potentialAction":[{"@type":"CommentAction","name":"Comment","target":["https:\/\/www.sbglaucoma.org.br\/paciente\/consulta-publica-ans-n-81\/#respond"]}]},{"@type":"WebPage","@id":"https:\/\/www.sbglaucoma.org.br\/paciente\/consulta-publica-ans-n-81\/","url":"https:\/\/www.sbglaucoma.org.br\/paciente\/consulta-publica-ans-n-81\/","name":"Consulta P\u00fablica ANS n\u00b0 81 - SBG - Sociedade Brasileira de Glaucoma","isPartOf":{"@id":"https:\/\/www.sbglaucoma.org.br\/paciente\/#website"},"primaryImageOfPage":{"@id":"https:\/\/www.sbglaucoma.org.br\/paciente\/consulta-publica-ans-n-81\/#primaryimage"},"image":{"@id":"https:\/\/www.sbglaucoma.org.br\/paciente\/consulta-publica-ans-n-81\/#primaryimage"},"thumbnailUrl":"https:\/\/www.sbglaucoma.org.br\/paciente\/wp-content\/uploads\/2020\/11\/2020-11-09-sbg-post-consulta-publica.png","datePublished":"2020-11-09T20:50:55+00:00","dateModified":"2020-11-09T20:51:49+00:00","author":{"@id":"https:\/\/www.sbglaucoma.org.br\/paciente\/#\/schema\/person\/e6624ea29d71076b9daf6ca2a992365d"},"breadcrumb":{"@id":"https:\/\/www.sbglaucoma.org.br\/paciente\/consulta-publica-ans-n-81\/#breadcrumb"},"inLanguage":"pt-BR","potentialAction":[{"@type":"ReadAction","target":["https:\/\/www.sbglaucoma.org.br\/paciente\/consulta-publica-ans-n-81\/"]}]},{"@type":"ImageObject","inLanguage":"pt-BR","@id":"https:\/\/www.sbglaucoma.org.br\/paciente\/consulta-publica-ans-n-81\/#primaryimage","url":"https:\/\/www.sbglaucoma.org.br\/paciente\/wp-content\/uploads\/2020\/11\/2020-11-09-sbg-post-consulta-publica.png","contentUrl":"https:\/\/www.sbglaucoma.org.br\/paciente\/wp-content\/uploads\/2020\/11\/2020-11-09-sbg-post-consulta-publica.png","width":1080,"height":1080},{"@type":"BreadcrumbList","@id":"https:\/\/www.sbglaucoma.org.br\/paciente\/consulta-publica-ans-n-81\/#breadcrumb","itemListElement":[{"@type":"ListItem","position":1,"name":"In\u00edcio","item":"https:\/\/www.sbglaucoma.org.br\/paciente\/"},{"@type":"ListItem","position":2,"name":"Consulta P\u00fablica ANS n\u00b0 81"}]},{"@type":"WebSite","@id":"https:\/\/www.sbglaucoma.org.br\/paciente\/#website","url":"https:\/\/www.sbglaucoma.org.br\/paciente\/","name":"SBG - Sociedade Brasileira de Glaucoma","description":"","potentialAction":[{"@type":"SearchAction","target":{"@type":"EntryPoint","urlTemplate":"https:\/\/www.sbglaucoma.org.br\/paciente\/?s={search_term_string}"},"query-input":{"@type":"PropertyValueSpecification","valueRequired":true,"valueName":"search_term_string"}}],"inLanguage":"pt-BR"},{"@type":"Person","@id":"https:\/\/www.sbglaucoma.org.br\/paciente\/#\/schema\/person\/e6624ea29d71076b9daf6ca2a992365d","name":"Ricardo","image":{"@type":"ImageObject","inLanguage":"pt-BR","@id":"https:\/\/secure.gravatar.com\/avatar\/44920876e908c0295955ee29232efe54c5c4ae3c36c5fc42ce7d3fba63ad79e4?s=96&d=mm&r=g","url":"https:\/\/secure.gravatar.com\/avatar\/44920876e908c0295955ee29232efe54c5c4ae3c36c5fc42ce7d3fba63ad79e4?s=96&d=mm&r=g","contentUrl":"https:\/\/secure.gravatar.com\/avatar\/44920876e908c0295955ee29232efe54c5c4ae3c36c5fc42ce7d3fba63ad79e4?s=96&d=mm&r=g","caption":"Ricardo"},"url":"https:\/\/www.sbglaucoma.org.br\/paciente\/author\/ricardo\/"}]}},"_links":{"self":[{"href":"https:\/\/www.sbglaucoma.org.br\/paciente\/wp-json\/wp\/v2\/posts\/8087","targetHints":{"allow":["GET"]}}],"collection":[{"href":"https:\/\/www.sbglaucoma.org.br\/paciente\/wp-json\/wp\/v2\/posts"}],"about":[{"href":"https:\/\/www.sbglaucoma.org.br\/paciente\/wp-json\/wp\/v2\/types\/post"}],"author":[{"embeddable":true,"href":"https:\/\/www.sbglaucoma.org.br\/paciente\/wp-json\/wp\/v2\/users\/1"}],"replies":[{"embeddable":true,"href":"https:\/\/www.sbglaucoma.org.br\/paciente\/wp-json\/wp\/v2\/comments?post=8087"}],"version-history":[{"count":2,"href":"https:\/\/www.sbglaucoma.org.br\/paciente\/wp-json\/wp\/v2\/posts\/8087\/revisions"}],"predecessor-version":[{"id":8091,"href":"https:\/\/www.sbglaucoma.org.br\/paciente\/wp-json\/wp\/v2\/posts\/8087\/revisions\/8091"}],"wp:featuredmedia":[{"embeddable":true,"href":"https:\/\/www.sbglaucoma.org.br\/paciente\/wp-json\/wp\/v2\/media\/8089"}],"wp:attachment":[{"href":"https:\/\/www.sbglaucoma.org.br\/paciente\/wp-json\/wp\/v2\/media?parent=8087"}],"wp:term":[{"taxonomy":"category","embeddable":true,"href":"https:\/\/www.sbglaucoma.org.br\/paciente\/wp-json\/wp\/v2\/categories?post=8087"},{"taxonomy":"post_tag","embeddable":true,"href":"https:\/\/www.sbglaucoma.org.br\/paciente\/wp-json\/wp\/v2\/tags?post=8087"}],"curies":[{"name":"wp","href":"https:\/\/api.w.org\/{rel}","templated":true}]}}