{"id":7716,"date":"2020-03-20T15:39:19","date_gmt":"2020-03-20T18:39:19","guid":{"rendered":"https:\/\/sbglaucoma2.websiteseguro.com\/paciente\/?p=7716"},"modified":"2020-06-01T15:41:13","modified_gmt":"2020-06-01T18:41:13","slug":"comunicado-covid-19","status":"publish","type":"post","link":"https:\/\/www.sbglaucoma.org.br\/paciente\/comunicado-covid-19\/","title":{"rendered":"Comunicado COVID-19"},"content":{"rendered":"<p>A Sociedade Brasileira de Glaucoma, para orienta\u00e7\u00e3o dos oftalmologistas e no auxilio para argumenta\u00e7\u00e3o quanto \u00e0 necessidade de cirurgias de pacientes com glaucoma, aponta as seguintes situa\u00e7\u00f5es cl\u00ednicas que necessitam de conduta cir\u00fargica urgente ou emergente. A contra-indica\u00e7\u00e3o destes procedimentos suscitaria risco ou mesmo certeza de perda de vis\u00e3o caso n\u00e3o sejam realizados:<\/p>\n<p>1. Glaucoma agudo sem controle cl\u00ednico.<br \/>\n2. Todo glaucoma secund\u00e1rio com press\u00f5es elevadas, a despeito da medica\u00e7\u00e3o m\u00e1xima tolerada, com risco potencial de perda de vis\u00e3o.<br \/>\n3. Glaucoma avan\u00e7ado, com atual perda do controle cl\u00ednico e amea\u00e7a \u00e0 vis\u00e3o central.<br \/>\n4. Glaucoma cong\u00eanito sem controle cl\u00ednico<\/p>\n<p>Pede-se que TODO esfor\u00e7o seja feito para evitar o procedimento e que este s\u00f3 se d\u00ea em uma situa\u00e7\u00e3o de \u00f3bvia indica\u00e7\u00e3o com, mais uma vez, grande risco ou certeza de perda de vis\u00e3o.<\/p>\n","protected":false},"excerpt":{"rendered":"<p>A Sociedade Brasileira de Glaucoma, para orienta\u00e7\u00e3o dos oftalmologistas e no auxilio para argumenta\u00e7\u00e3o quanto \u00e0 necessidade de cirurgias de pacientes com glaucoma, aponta as seguintes situa\u00e7\u00f5es cl\u00ednicas que necessitam de conduta cir\u00fargica urgente ou emergente. A contra-indica\u00e7\u00e3o destes procedimentos suscitaria risco ou mesmo certeza de perda de vis\u00e3o caso n\u00e3o sejam realizados: 1. Glaucoma [&hellip;]<\/p>\n","protected":false},"author":1,"featured_media":7717,"comment_status":"open","ping_status":"open","sticky":false,"template":"","format":"standard","meta":{"_acf_changed":false,"footnotes":""},"categories":[44],"tags":[],"class_list":["post-7716","post","type-post","status-publish","format-standard","has-post-thumbnail","hentry","category-noticias"],"acf":[],"yoast_head":"<!-- This site is optimized with the Yoast SEO plugin v27.5 - https:\/\/yoast.com\/product\/yoast-seo-wordpress\/ -->\n<title>Comunicado COVID-19 - SBG - Sociedade Brasileira de Glaucoma<\/title>\n<meta name=\"robots\" content=\"index, follow, max-snippet:-1, max-image-preview:large, max-video-preview:-1\" \/>\n<link rel=\"canonical\" href=\"https:\/\/www.sbglaucoma.org.br\/paciente\/comunicado-covid-19\/\" \/>\n<meta property=\"og:locale\" content=\"pt_BR\" \/>\n<meta property=\"og:type\" content=\"article\" \/>\n<meta property=\"og:title\" content=\"Comunicado COVID-19 - SBG - Sociedade Brasileira de Glaucoma\" \/>\n<meta property=\"og:description\" content=\"A Sociedade Brasileira de Glaucoma, para orienta\u00e7\u00e3o dos oftalmologistas e no auxilio para argumenta\u00e7\u00e3o quanto \u00e0 necessidade de cirurgias de pacientes com glaucoma, aponta as seguintes situa\u00e7\u00f5es cl\u00ednicas que necessitam de conduta cir\u00fargica urgente ou emergente. A contra-indica\u00e7\u00e3o destes procedimentos suscitaria risco ou mesmo certeza de perda de vis\u00e3o caso n\u00e3o sejam realizados: 1. Glaucoma [&hellip;]\" \/>\n<meta property=\"og:url\" content=\"https:\/\/www.sbglaucoma.org.br\/paciente\/comunicado-covid-19\/\" \/>\n<meta property=\"og:site_name\" content=\"SBG - Sociedade Brasileira de Glaucoma\" \/>\n<meta property=\"article:published_time\" content=\"2020-03-20T18:39:19+00:00\" \/>\n<meta property=\"article:modified_time\" content=\"2020-06-01T18:41:13+00:00\" \/>\n<meta property=\"og:image\" content=\"https:\/\/www.sbglaucoma.org.br\/paciente\/wp-content\/uploads\/2020\/06\/90377387_2770014176381231_1053079067051425792_o.png\" \/>\n\t<meta property=\"og:image:width\" content=\"960\" \/>\n\t<meta property=\"og:image:height\" content=\"960\" \/>\n\t<meta property=\"og:image:type\" content=\"image\/png\" \/>\n<meta name=\"author\" content=\"Ricardo\" \/>\n<meta name=\"twitter:card\" content=\"summary_large_image\" \/>\n<meta name=\"twitter:label1\" content=\"Escrito por\" \/>\n\t<meta name=\"twitter:data1\" content=\"Ricardo\" \/>\n\t<meta name=\"twitter:label2\" content=\"Est. tempo de leitura\" \/>\n\t<meta name=\"twitter:data2\" content=\"1 minuto\" \/>\n<script type=\"application\/ld+json\" class=\"yoast-schema-graph\">{\"@context\":\"https:\\\/\\\/schema.org\",\"@graph\":[{\"@type\":\"Article\",\"@id\":\"https:\\\/\\\/www.sbglaucoma.org.br\\\/paciente\\\/comunicado-covid-19\\\/#article\",\"isPartOf\":{\"@id\":\"https:\\\/\\\/www.sbglaucoma.org.br\\\/paciente\\\/comunicado-covid-19\\\/\"},\"author\":{\"name\":\"Ricardo\",\"@id\":\"https:\\\/\\\/www.sbglaucoma.org.br\\\/paciente\\\/#\\\/schema\\\/person\\\/e6624ea29d71076b9daf6ca2a992365d\"},\"headline\":\"Comunicado COVID-19\",\"datePublished\":\"2020-03-20T18:39:19+00:00\",\"dateModified\":\"2020-06-01T18:41:13+00:00\",\"mainEntityOfPage\":{\"@id\":\"https:\\\/\\\/www.sbglaucoma.org.br\\\/paciente\\\/comunicado-covid-19\\\/\"},\"wordCount\":153,\"commentCount\":0,\"image\":{\"@id\":\"https:\\\/\\\/www.sbglaucoma.org.br\\\/paciente\\\/comunicado-covid-19\\\/#primaryimage\"},\"thumbnailUrl\":\"https:\\\/\\\/www.sbglaucoma.org.br\\\/paciente\\\/wp-content\\\/uploads\\\/2020\\\/06\\\/90377387_2770014176381231_1053079067051425792_o.png\",\"articleSection\":[\"Not\u00edcias\"],\"inLanguage\":\"pt-BR\",\"potentialAction\":[{\"@type\":\"CommentAction\",\"name\":\"Comment\",\"target\":[\"https:\\\/\\\/www.sbglaucoma.org.br\\\/paciente\\\/comunicado-covid-19\\\/#respond\"]}]},{\"@type\":\"WebPage\",\"@id\":\"https:\\\/\\\/www.sbglaucoma.org.br\\\/paciente\\\/comunicado-covid-19\\\/\",\"url\":\"https:\\\/\\\/www.sbglaucoma.org.br\\\/paciente\\\/comunicado-covid-19\\\/\",\"name\":\"Comunicado COVID-19 - SBG - Sociedade Brasileira de Glaucoma\",\"isPartOf\":{\"@id\":\"https:\\\/\\\/www.sbglaucoma.org.br\\\/paciente\\\/#website\"},\"primaryImageOfPage\":{\"@id\":\"https:\\\/\\\/www.sbglaucoma.org.br\\\/paciente\\\/comunicado-covid-19\\\/#primaryimage\"},\"image\":{\"@id\":\"https:\\\/\\\/www.sbglaucoma.org.br\\\/paciente\\\/comunicado-covid-19\\\/#primaryimage\"},\"thumbnailUrl\":\"https:\\\/\\\/www.sbglaucoma.org.br\\\/paciente\\\/wp-content\\\/uploads\\\/2020\\\/06\\\/90377387_2770014176381231_1053079067051425792_o.png\",\"datePublished\":\"2020-03-20T18:39:19+00:00\",\"dateModified\":\"2020-06-01T18:41:13+00:00\",\"author\":{\"@id\":\"https:\\\/\\\/www.sbglaucoma.org.br\\\/paciente\\\/#\\\/schema\\\/person\\\/e6624ea29d71076b9daf6ca2a992365d\"},\"breadcrumb\":{\"@id\":\"https:\\\/\\\/www.sbglaucoma.org.br\\\/paciente\\\/comunicado-covid-19\\\/#breadcrumb\"},\"inLanguage\":\"pt-BR\",\"potentialAction\":[{\"@type\":\"ReadAction\",\"target\":[\"https:\\\/\\\/www.sbglaucoma.org.br\\\/paciente\\\/comunicado-covid-19\\\/\"]}]},{\"@type\":\"ImageObject\",\"inLanguage\":\"pt-BR\",\"@id\":\"https:\\\/\\\/www.sbglaucoma.org.br\\\/paciente\\\/comunicado-covid-19\\\/#primaryimage\",\"url\":\"https:\\\/\\\/www.sbglaucoma.org.br\\\/paciente\\\/wp-content\\\/uploads\\\/2020\\\/06\\\/90377387_2770014176381231_1053079067051425792_o.png\",\"contentUrl\":\"https:\\\/\\\/www.sbglaucoma.org.br\\\/paciente\\\/wp-content\\\/uploads\\\/2020\\\/06\\\/90377387_2770014176381231_1053079067051425792_o.png\",\"width\":960,\"height\":960},{\"@type\":\"BreadcrumbList\",\"@id\":\"https:\\\/\\\/www.sbglaucoma.org.br\\\/paciente\\\/comunicado-covid-19\\\/#breadcrumb\",\"itemListElement\":[{\"@type\":\"ListItem\",\"position\":1,\"name\":\"In\u00edcio\",\"item\":\"https:\\\/\\\/www.sbglaucoma.org.br\\\/paciente\\\/\"},{\"@type\":\"ListItem\",\"position\":2,\"name\":\"Comunicado COVID-19\"}]},{\"@type\":\"WebSite\",\"@id\":\"https:\\\/\\\/www.sbglaucoma.org.br\\\/paciente\\\/#website\",\"url\":\"https:\\\/\\\/www.sbglaucoma.org.br\\\/paciente\\\/\",\"name\":\"SBG - Sociedade Brasileira de Glaucoma\",\"description\":\"\",\"potentialAction\":[{\"@type\":\"SearchAction\",\"target\":{\"@type\":\"EntryPoint\",\"urlTemplate\":\"https:\\\/\\\/www.sbglaucoma.org.br\\\/paciente\\\/?s={search_term_string}\"},\"query-input\":{\"@type\":\"PropertyValueSpecification\",\"valueRequired\":true,\"valueName\":\"search_term_string\"}}],\"inLanguage\":\"pt-BR\"},{\"@type\":\"Person\",\"@id\":\"https:\\\/\\\/www.sbglaucoma.org.br\\\/paciente\\\/#\\\/schema\\\/person\\\/e6624ea29d71076b9daf6ca2a992365d\",\"name\":\"Ricardo\",\"image\":{\"@type\":\"ImageObject\",\"inLanguage\":\"pt-BR\",\"@id\":\"https:\\\/\\\/secure.gravatar.com\\\/avatar\\\/44920876e908c0295955ee29232efe54c5c4ae3c36c5fc42ce7d3fba63ad79e4?s=96&d=mm&r=g\",\"url\":\"https:\\\/\\\/secure.gravatar.com\\\/avatar\\\/44920876e908c0295955ee29232efe54c5c4ae3c36c5fc42ce7d3fba63ad79e4?s=96&d=mm&r=g\",\"contentUrl\":\"https:\\\/\\\/secure.gravatar.com\\\/avatar\\\/44920876e908c0295955ee29232efe54c5c4ae3c36c5fc42ce7d3fba63ad79e4?s=96&d=mm&r=g\",\"caption\":\"Ricardo\"},\"url\":\"https:\\\/\\\/www.sbglaucoma.org.br\\\/paciente\\\/author\\\/ricardo\\\/\"}]}<\/script>\n<!-- \/ Yoast SEO plugin. -->","yoast_head_json":{"title":"Comunicado COVID-19 - SBG - Sociedade Brasileira de Glaucoma","robots":{"index":"index","follow":"follow","max-snippet":"max-snippet:-1","max-image-preview":"max-image-preview:large","max-video-preview":"max-video-preview:-1"},"canonical":"https:\/\/www.sbglaucoma.org.br\/paciente\/comunicado-covid-19\/","og_locale":"pt_BR","og_type":"article","og_title":"Comunicado COVID-19 - SBG - Sociedade Brasileira de Glaucoma","og_description":"A Sociedade Brasileira de Glaucoma, para orienta\u00e7\u00e3o dos oftalmologistas e no auxilio para argumenta\u00e7\u00e3o quanto \u00e0 necessidade de cirurgias de pacientes com glaucoma, aponta as seguintes situa\u00e7\u00f5es cl\u00ednicas que necessitam de conduta cir\u00fargica urgente ou emergente. A contra-indica\u00e7\u00e3o destes procedimentos suscitaria risco ou mesmo certeza de perda de vis\u00e3o caso n\u00e3o sejam realizados: 1. Glaucoma [&hellip;]","og_url":"https:\/\/www.sbglaucoma.org.br\/paciente\/comunicado-covid-19\/","og_site_name":"SBG - Sociedade Brasileira de Glaucoma","article_published_time":"2020-03-20T18:39:19+00:00","article_modified_time":"2020-06-01T18:41:13+00:00","og_image":[{"width":960,"height":960,"url":"https:\/\/www.sbglaucoma.org.br\/paciente\/wp-content\/uploads\/2020\/06\/90377387_2770014176381231_1053079067051425792_o.png","type":"image\/png"}],"author":"Ricardo","twitter_card":"summary_large_image","twitter_misc":{"Escrito por":"Ricardo","Est. tempo de leitura":"1 minuto"},"schema":{"@context":"https:\/\/schema.org","@graph":[{"@type":"Article","@id":"https:\/\/www.sbglaucoma.org.br\/paciente\/comunicado-covid-19\/#article","isPartOf":{"@id":"https:\/\/www.sbglaucoma.org.br\/paciente\/comunicado-covid-19\/"},"author":{"name":"Ricardo","@id":"https:\/\/www.sbglaucoma.org.br\/paciente\/#\/schema\/person\/e6624ea29d71076b9daf6ca2a992365d"},"headline":"Comunicado COVID-19","datePublished":"2020-03-20T18:39:19+00:00","dateModified":"2020-06-01T18:41:13+00:00","mainEntityOfPage":{"@id":"https:\/\/www.sbglaucoma.org.br\/paciente\/comunicado-covid-19\/"},"wordCount":153,"commentCount":0,"image":{"@id":"https:\/\/www.sbglaucoma.org.br\/paciente\/comunicado-covid-19\/#primaryimage"},"thumbnailUrl":"https:\/\/www.sbglaucoma.org.br\/paciente\/wp-content\/uploads\/2020\/06\/90377387_2770014176381231_1053079067051425792_o.png","articleSection":["Not\u00edcias"],"inLanguage":"pt-BR","potentialAction":[{"@type":"CommentAction","name":"Comment","target":["https:\/\/www.sbglaucoma.org.br\/paciente\/comunicado-covid-19\/#respond"]}]},{"@type":"WebPage","@id":"https:\/\/www.sbglaucoma.org.br\/paciente\/comunicado-covid-19\/","url":"https:\/\/www.sbglaucoma.org.br\/paciente\/comunicado-covid-19\/","name":"Comunicado COVID-19 - SBG - Sociedade Brasileira de Glaucoma","isPartOf":{"@id":"https:\/\/www.sbglaucoma.org.br\/paciente\/#website"},"primaryImageOfPage":{"@id":"https:\/\/www.sbglaucoma.org.br\/paciente\/comunicado-covid-19\/#primaryimage"},"image":{"@id":"https:\/\/www.sbglaucoma.org.br\/paciente\/comunicado-covid-19\/#primaryimage"},"thumbnailUrl":"https:\/\/www.sbglaucoma.org.br\/paciente\/wp-content\/uploads\/2020\/06\/90377387_2770014176381231_1053079067051425792_o.png","datePublished":"2020-03-20T18:39:19+00:00","dateModified":"2020-06-01T18:41:13+00:00","author":{"@id":"https:\/\/www.sbglaucoma.org.br\/paciente\/#\/schema\/person\/e6624ea29d71076b9daf6ca2a992365d"},"breadcrumb":{"@id":"https:\/\/www.sbglaucoma.org.br\/paciente\/comunicado-covid-19\/#breadcrumb"},"inLanguage":"pt-BR","potentialAction":[{"@type":"ReadAction","target":["https:\/\/www.sbglaucoma.org.br\/paciente\/comunicado-covid-19\/"]}]},{"@type":"ImageObject","inLanguage":"pt-BR","@id":"https:\/\/www.sbglaucoma.org.br\/paciente\/comunicado-covid-19\/#primaryimage","url":"https:\/\/www.sbglaucoma.org.br\/paciente\/wp-content\/uploads\/2020\/06\/90377387_2770014176381231_1053079067051425792_o.png","contentUrl":"https:\/\/www.sbglaucoma.org.br\/paciente\/wp-content\/uploads\/2020\/06\/90377387_2770014176381231_1053079067051425792_o.png","width":960,"height":960},{"@type":"BreadcrumbList","@id":"https:\/\/www.sbglaucoma.org.br\/paciente\/comunicado-covid-19\/#breadcrumb","itemListElement":[{"@type":"ListItem","position":1,"name":"In\u00edcio","item":"https:\/\/www.sbglaucoma.org.br\/paciente\/"},{"@type":"ListItem","position":2,"name":"Comunicado COVID-19"}]},{"@type":"WebSite","@id":"https:\/\/www.sbglaucoma.org.br\/paciente\/#website","url":"https:\/\/www.sbglaucoma.org.br\/paciente\/","name":"SBG - Sociedade Brasileira de Glaucoma","description":"","potentialAction":[{"@type":"SearchAction","target":{"@type":"EntryPoint","urlTemplate":"https:\/\/www.sbglaucoma.org.br\/paciente\/?s={search_term_string}"},"query-input":{"@type":"PropertyValueSpecification","valueRequired":true,"valueName":"search_term_string"}}],"inLanguage":"pt-BR"},{"@type":"Person","@id":"https:\/\/www.sbglaucoma.org.br\/paciente\/#\/schema\/person\/e6624ea29d71076b9daf6ca2a992365d","name":"Ricardo","image":{"@type":"ImageObject","inLanguage":"pt-BR","@id":"https:\/\/secure.gravatar.com\/avatar\/44920876e908c0295955ee29232efe54c5c4ae3c36c5fc42ce7d3fba63ad79e4?s=96&d=mm&r=g","url":"https:\/\/secure.gravatar.com\/avatar\/44920876e908c0295955ee29232efe54c5c4ae3c36c5fc42ce7d3fba63ad79e4?s=96&d=mm&r=g","contentUrl":"https:\/\/secure.gravatar.com\/avatar\/44920876e908c0295955ee29232efe54c5c4ae3c36c5fc42ce7d3fba63ad79e4?s=96&d=mm&r=g","caption":"Ricardo"},"url":"https:\/\/www.sbglaucoma.org.br\/paciente\/author\/ricardo\/"}]}},"_links":{"self":[{"href":"https:\/\/www.sbglaucoma.org.br\/paciente\/wp-json\/wp\/v2\/posts\/7716","targetHints":{"allow":["GET"]}}],"collection":[{"href":"https:\/\/www.sbglaucoma.org.br\/paciente\/wp-json\/wp\/v2\/posts"}],"about":[{"href":"https:\/\/www.sbglaucoma.org.br\/paciente\/wp-json\/wp\/v2\/types\/post"}],"author":[{"embeddable":true,"href":"https:\/\/www.sbglaucoma.org.br\/paciente\/wp-json\/wp\/v2\/users\/1"}],"replies":[{"embeddable":true,"href":"https:\/\/www.sbglaucoma.org.br\/paciente\/wp-json\/wp\/v2\/comments?post=7716"}],"version-history":[{"count":1,"href":"https:\/\/www.sbglaucoma.org.br\/paciente\/wp-json\/wp\/v2\/posts\/7716\/revisions"}],"predecessor-version":[{"id":7718,"href":"https:\/\/www.sbglaucoma.org.br\/paciente\/wp-json\/wp\/v2\/posts\/7716\/revisions\/7718"}],"wp:featuredmedia":[{"embeddable":true,"href":"https:\/\/www.sbglaucoma.org.br\/paciente\/wp-json\/wp\/v2\/media\/7717"}],"wp:attachment":[{"href":"https:\/\/www.sbglaucoma.org.br\/paciente\/wp-json\/wp\/v2\/media?parent=7716"}],"wp:term":[{"taxonomy":"category","embeddable":true,"href":"https:\/\/www.sbglaucoma.org.br\/paciente\/wp-json\/wp\/v2\/categories?post=7716"},{"taxonomy":"post_tag","embeddable":true,"href":"https:\/\/www.sbglaucoma.org.br\/paciente\/wp-json\/wp\/v2\/tags?post=7716"}],"curies":[{"name":"wp","href":"https:\/\/api.w.org\/{rel}","templated":true}]}}