{"id":7713,"date":"2020-03-09T15:36:17","date_gmt":"2020-03-09T18:36:17","guid":{"rendered":"https:\/\/sbglaucoma2.websiteseguro.com\/paciente\/?p=7713"},"modified":"2020-06-01T15:38:29","modified_gmt":"2020-06-01T18:38:29","slug":"semana-mundial-do-glaucoma","status":"publish","type":"post","link":"https:\/\/www.sbglaucoma.org.br\/paciente\/semana-mundial-do-glaucoma\/","title":{"rendered":"Semana Mundial do Glaucoma"},"content":{"rendered":"<p>A Semana Mundial do Glaucoma acontece de 08 a 14 de mar\u00e7o. Como resultado, os oftalmologistas alertam sobre a doen\u00e7a. Ela \u00e9 a principal causa de cegueira irrevers\u00edvel no mundo. Cr\u00f4nica, danifica o nervo \u00f3tico e envolve a perda de c\u00e9lulas da retina. Estas s\u00e3o respons\u00e1veis por enviar os impulsos nervosos ao c\u00e9rebro.<\/p>\n<p>A doen\u00e7a \u00e9 mais comum ap\u00f3s os 40 anos de idade, atingindo aproximadamente um milh\u00e3o de brasileiros. \u00c9 a partir dessa idade que os exames de diagn\u00f3stico devem ser realizados anualmente. Se houver fatores de risco, como hipertens\u00e3o arterial, diabetes e hist\u00f3rico familiar de glaucoma, deve-se antecipar a procura por um oftalmologista.<\/p>\n<p>Segundo estimativa da Associa\u00e7\u00e3o Mundial do Glaucoma, 4,5 milh\u00f5es de pessoas est\u00e3o cegas no mundo devido ao glaucoma. Outro dado preocupante \u00e9 o que em pa\u00edses em desenvolvimento 90% da popula\u00e7\u00e3o desconhece o problema. H\u00e1 v\u00e1rios tipos de glaucoma, como o que acomete crian\u00e7as. A causa, no entanto, ainda \u00e9 indefinida. Fatores de risco como hist\u00f3rico familiar, idade e miopia de alto grau contribuem para o surgimento da doen\u00e7a.<\/p>\n<p>Caso a doen\u00e7a seja detectada, o tratamento consiste em uso de col\u00edrios que diminuem a press\u00e3o intraocular e, geralmente, evitam a progress\u00e3o da doen\u00e7a. Por\u00e9m, o dano estabelecido n\u00e3o pode ser revertido. Em casos espec\u00edficos, o tratamento a laser e a cirurgia tamb\u00e9m s\u00e3o recomendados.<\/p>\n<p>#sbglaucoma #glaucomanobrasil #glaucoma #agenciaplanetaw #oftalmologia<\/p>\n","protected":false},"excerpt":{"rendered":"<p>A Semana Mundial do Glaucoma acontece de 08 a 14 de mar\u00e7o. Como resultado, os oftalmologistas alertam sobre a doen\u00e7a. Ela \u00e9 a principal causa de cegueira irrevers\u00edvel no mundo. Cr\u00f4nica, danifica o nervo \u00f3tico e envolve a perda de c\u00e9lulas da retina. Estas s\u00e3o respons\u00e1veis por enviar os impulsos nervosos ao c\u00e9rebro. A doen\u00e7a [&hellip;]<\/p>\n","protected":false},"author":1,"featured_media":7714,"comment_status":"open","ping_status":"open","sticky":false,"template":"","format":"standard","meta":{"_acf_changed":false,"footnotes":""},"categories":[44],"tags":[],"class_list":["post-7713","post","type-post","status-publish","format-standard","has-post-thumbnail","hentry","category-noticias"],"acf":[],"yoast_head":"<!-- This site is optimized with the Yoast SEO plugin v27.5 - https:\/\/yoast.com\/product\/yoast-seo-wordpress\/ -->\n<title>Semana Mundial do Glaucoma - SBG - Sociedade Brasileira de Glaucoma<\/title>\n<meta name=\"robots\" content=\"index, follow, max-snippet:-1, max-image-preview:large, max-video-preview:-1\" \/>\n<link rel=\"canonical\" href=\"https:\/\/www.sbglaucoma.org.br\/paciente\/semana-mundial-do-glaucoma\/\" \/>\n<meta property=\"og:locale\" content=\"pt_BR\" \/>\n<meta property=\"og:type\" content=\"article\" \/>\n<meta property=\"og:title\" content=\"Semana Mundial do Glaucoma - SBG - Sociedade Brasileira de Glaucoma\" \/>\n<meta property=\"og:description\" content=\"A Semana Mundial do Glaucoma acontece de 08 a 14 de mar\u00e7o. Como resultado, os oftalmologistas alertam sobre a doen\u00e7a. Ela \u00e9 a principal causa de cegueira irrevers\u00edvel no mundo. Cr\u00f4nica, danifica o nervo \u00f3tico e envolve a perda de c\u00e9lulas da retina. Estas s\u00e3o respons\u00e1veis por enviar os impulsos nervosos ao c\u00e9rebro. A doen\u00e7a [&hellip;]\" \/>\n<meta property=\"og:url\" content=\"https:\/\/www.sbglaucoma.org.br\/paciente\/semana-mundial-do-glaucoma\/\" \/>\n<meta property=\"og:site_name\" content=\"SBG - Sociedade Brasileira de Glaucoma\" \/>\n<meta property=\"article:published_time\" content=\"2020-03-09T18:36:17+00:00\" \/>\n<meta property=\"article:modified_time\" content=\"2020-06-01T18:38:29+00:00\" \/>\n<meta property=\"og:image\" content=\"https:\/\/www.sbglaucoma.org.br\/paciente\/wp-content\/uploads\/2020\/06\/89021564_2746657438716905_3420931680213401600_o.jpg\" \/>\n\t<meta property=\"og:image:width\" content=\"960\" \/>\n\t<meta property=\"og:image:height\" content=\"960\" \/>\n\t<meta property=\"og:image:type\" content=\"image\/jpeg\" \/>\n<meta name=\"author\" content=\"Ricardo\" \/>\n<meta name=\"twitter:card\" content=\"summary_large_image\" \/>\n<meta name=\"twitter:label1\" content=\"Escrito por\" \/>\n\t<meta name=\"twitter:data1\" content=\"Ricardo\" \/>\n\t<meta name=\"twitter:label2\" content=\"Est. tempo de leitura\" \/>\n\t<meta name=\"twitter:data2\" content=\"1 minuto\" \/>\n<script type=\"application\/ld+json\" class=\"yoast-schema-graph\">{\"@context\":\"https:\\\/\\\/schema.org\",\"@graph\":[{\"@type\":\"Article\",\"@id\":\"https:\\\/\\\/www.sbglaucoma.org.br\\\/paciente\\\/semana-mundial-do-glaucoma\\\/#article\",\"isPartOf\":{\"@id\":\"https:\\\/\\\/www.sbglaucoma.org.br\\\/paciente\\\/semana-mundial-do-glaucoma\\\/\"},\"author\":{\"name\":\"Ricardo\",\"@id\":\"https:\\\/\\\/www.sbglaucoma.org.br\\\/paciente\\\/#\\\/schema\\\/person\\\/e6624ea29d71076b9daf6ca2a992365d\"},\"headline\":\"Semana Mundial do Glaucoma\",\"datePublished\":\"2020-03-09T18:36:17+00:00\",\"dateModified\":\"2020-06-01T18:38:29+00:00\",\"mainEntityOfPage\":{\"@id\":\"https:\\\/\\\/www.sbglaucoma.org.br\\\/paciente\\\/semana-mundial-do-glaucoma\\\/\"},\"wordCount\":251,\"commentCount\":0,\"image\":{\"@id\":\"https:\\\/\\\/www.sbglaucoma.org.br\\\/paciente\\\/semana-mundial-do-glaucoma\\\/#primaryimage\"},\"thumbnailUrl\":\"https:\\\/\\\/www.sbglaucoma.org.br\\\/paciente\\\/wp-content\\\/uploads\\\/2020\\\/06\\\/89021564_2746657438716905_3420931680213401600_o.jpg\",\"articleSection\":[\"Not\u00edcias\"],\"inLanguage\":\"pt-BR\",\"potentialAction\":[{\"@type\":\"CommentAction\",\"name\":\"Comment\",\"target\":[\"https:\\\/\\\/www.sbglaucoma.org.br\\\/paciente\\\/semana-mundial-do-glaucoma\\\/#respond\"]}]},{\"@type\":\"WebPage\",\"@id\":\"https:\\\/\\\/www.sbglaucoma.org.br\\\/paciente\\\/semana-mundial-do-glaucoma\\\/\",\"url\":\"https:\\\/\\\/www.sbglaucoma.org.br\\\/paciente\\\/semana-mundial-do-glaucoma\\\/\",\"name\":\"Semana Mundial do Glaucoma - SBG - Sociedade Brasileira de Glaucoma\",\"isPartOf\":{\"@id\":\"https:\\\/\\\/www.sbglaucoma.org.br\\\/paciente\\\/#website\"},\"primaryImageOfPage\":{\"@id\":\"https:\\\/\\\/www.sbglaucoma.org.br\\\/paciente\\\/semana-mundial-do-glaucoma\\\/#primaryimage\"},\"image\":{\"@id\":\"https:\\\/\\\/www.sbglaucoma.org.br\\\/paciente\\\/semana-mundial-do-glaucoma\\\/#primaryimage\"},\"thumbnailUrl\":\"https:\\\/\\\/www.sbglaucoma.org.br\\\/paciente\\\/wp-content\\\/uploads\\\/2020\\\/06\\\/89021564_2746657438716905_3420931680213401600_o.jpg\",\"datePublished\":\"2020-03-09T18:36:17+00:00\",\"dateModified\":\"2020-06-01T18:38:29+00:00\",\"author\":{\"@id\":\"https:\\\/\\\/www.sbglaucoma.org.br\\\/paciente\\\/#\\\/schema\\\/person\\\/e6624ea29d71076b9daf6ca2a992365d\"},\"breadcrumb\":{\"@id\":\"https:\\\/\\\/www.sbglaucoma.org.br\\\/paciente\\\/semana-mundial-do-glaucoma\\\/#breadcrumb\"},\"inLanguage\":\"pt-BR\",\"potentialAction\":[{\"@type\":\"ReadAction\",\"target\":[\"https:\\\/\\\/www.sbglaucoma.org.br\\\/paciente\\\/semana-mundial-do-glaucoma\\\/\"]}]},{\"@type\":\"ImageObject\",\"inLanguage\":\"pt-BR\",\"@id\":\"https:\\\/\\\/www.sbglaucoma.org.br\\\/paciente\\\/semana-mundial-do-glaucoma\\\/#primaryimage\",\"url\":\"https:\\\/\\\/www.sbglaucoma.org.br\\\/paciente\\\/wp-content\\\/uploads\\\/2020\\\/06\\\/89021564_2746657438716905_3420931680213401600_o.jpg\",\"contentUrl\":\"https:\\\/\\\/www.sbglaucoma.org.br\\\/paciente\\\/wp-content\\\/uploads\\\/2020\\\/06\\\/89021564_2746657438716905_3420931680213401600_o.jpg\",\"width\":960,\"height\":960},{\"@type\":\"BreadcrumbList\",\"@id\":\"https:\\\/\\\/www.sbglaucoma.org.br\\\/paciente\\\/semana-mundial-do-glaucoma\\\/#breadcrumb\",\"itemListElement\":[{\"@type\":\"ListItem\",\"position\":1,\"name\":\"In\u00edcio\",\"item\":\"https:\\\/\\\/www.sbglaucoma.org.br\\\/paciente\\\/\"},{\"@type\":\"ListItem\",\"position\":2,\"name\":\"Semana Mundial do Glaucoma\"}]},{\"@type\":\"WebSite\",\"@id\":\"https:\\\/\\\/www.sbglaucoma.org.br\\\/paciente\\\/#website\",\"url\":\"https:\\\/\\\/www.sbglaucoma.org.br\\\/paciente\\\/\",\"name\":\"SBG - Sociedade Brasileira de Glaucoma\",\"description\":\"\",\"potentialAction\":[{\"@type\":\"SearchAction\",\"target\":{\"@type\":\"EntryPoint\",\"urlTemplate\":\"https:\\\/\\\/www.sbglaucoma.org.br\\\/paciente\\\/?s={search_term_string}\"},\"query-input\":{\"@type\":\"PropertyValueSpecification\",\"valueRequired\":true,\"valueName\":\"search_term_string\"}}],\"inLanguage\":\"pt-BR\"},{\"@type\":\"Person\",\"@id\":\"https:\\\/\\\/www.sbglaucoma.org.br\\\/paciente\\\/#\\\/schema\\\/person\\\/e6624ea29d71076b9daf6ca2a992365d\",\"name\":\"Ricardo\",\"image\":{\"@type\":\"ImageObject\",\"inLanguage\":\"pt-BR\",\"@id\":\"https:\\\/\\\/secure.gravatar.com\\\/avatar\\\/44920876e908c0295955ee29232efe54c5c4ae3c36c5fc42ce7d3fba63ad79e4?s=96&d=mm&r=g\",\"url\":\"https:\\\/\\\/secure.gravatar.com\\\/avatar\\\/44920876e908c0295955ee29232efe54c5c4ae3c36c5fc42ce7d3fba63ad79e4?s=96&d=mm&r=g\",\"contentUrl\":\"https:\\\/\\\/secure.gravatar.com\\\/avatar\\\/44920876e908c0295955ee29232efe54c5c4ae3c36c5fc42ce7d3fba63ad79e4?s=96&d=mm&r=g\",\"caption\":\"Ricardo\"},\"url\":\"https:\\\/\\\/www.sbglaucoma.org.br\\\/paciente\\\/author\\\/ricardo\\\/\"}]}<\/script>\n<!-- \/ Yoast SEO plugin. -->","yoast_head_json":{"title":"Semana Mundial do Glaucoma - SBG - Sociedade Brasileira de Glaucoma","robots":{"index":"index","follow":"follow","max-snippet":"max-snippet:-1","max-image-preview":"max-image-preview:large","max-video-preview":"max-video-preview:-1"},"canonical":"https:\/\/www.sbglaucoma.org.br\/paciente\/semana-mundial-do-glaucoma\/","og_locale":"pt_BR","og_type":"article","og_title":"Semana Mundial do Glaucoma - SBG - Sociedade Brasileira de Glaucoma","og_description":"A Semana Mundial do Glaucoma acontece de 08 a 14 de mar\u00e7o. Como resultado, os oftalmologistas alertam sobre a doen\u00e7a. Ela \u00e9 a principal causa de cegueira irrevers\u00edvel no mundo. Cr\u00f4nica, danifica o nervo \u00f3tico e envolve a perda de c\u00e9lulas da retina. Estas s\u00e3o respons\u00e1veis por enviar os impulsos nervosos ao c\u00e9rebro. A doen\u00e7a [&hellip;]","og_url":"https:\/\/www.sbglaucoma.org.br\/paciente\/semana-mundial-do-glaucoma\/","og_site_name":"SBG - Sociedade Brasileira de Glaucoma","article_published_time":"2020-03-09T18:36:17+00:00","article_modified_time":"2020-06-01T18:38:29+00:00","og_image":[{"width":960,"height":960,"url":"https:\/\/www.sbglaucoma.org.br\/paciente\/wp-content\/uploads\/2020\/06\/89021564_2746657438716905_3420931680213401600_o.jpg","type":"image\/jpeg"}],"author":"Ricardo","twitter_card":"summary_large_image","twitter_misc":{"Escrito por":"Ricardo","Est. tempo de leitura":"1 minuto"},"schema":{"@context":"https:\/\/schema.org","@graph":[{"@type":"Article","@id":"https:\/\/www.sbglaucoma.org.br\/paciente\/semana-mundial-do-glaucoma\/#article","isPartOf":{"@id":"https:\/\/www.sbglaucoma.org.br\/paciente\/semana-mundial-do-glaucoma\/"},"author":{"name":"Ricardo","@id":"https:\/\/www.sbglaucoma.org.br\/paciente\/#\/schema\/person\/e6624ea29d71076b9daf6ca2a992365d"},"headline":"Semana Mundial do Glaucoma","datePublished":"2020-03-09T18:36:17+00:00","dateModified":"2020-06-01T18:38:29+00:00","mainEntityOfPage":{"@id":"https:\/\/www.sbglaucoma.org.br\/paciente\/semana-mundial-do-glaucoma\/"},"wordCount":251,"commentCount":0,"image":{"@id":"https:\/\/www.sbglaucoma.org.br\/paciente\/semana-mundial-do-glaucoma\/#primaryimage"},"thumbnailUrl":"https:\/\/www.sbglaucoma.org.br\/paciente\/wp-content\/uploads\/2020\/06\/89021564_2746657438716905_3420931680213401600_o.jpg","articleSection":["Not\u00edcias"],"inLanguage":"pt-BR","potentialAction":[{"@type":"CommentAction","name":"Comment","target":["https:\/\/www.sbglaucoma.org.br\/paciente\/semana-mundial-do-glaucoma\/#respond"]}]},{"@type":"WebPage","@id":"https:\/\/www.sbglaucoma.org.br\/paciente\/semana-mundial-do-glaucoma\/","url":"https:\/\/www.sbglaucoma.org.br\/paciente\/semana-mundial-do-glaucoma\/","name":"Semana Mundial do Glaucoma - SBG - Sociedade Brasileira de Glaucoma","isPartOf":{"@id":"https:\/\/www.sbglaucoma.org.br\/paciente\/#website"},"primaryImageOfPage":{"@id":"https:\/\/www.sbglaucoma.org.br\/paciente\/semana-mundial-do-glaucoma\/#primaryimage"},"image":{"@id":"https:\/\/www.sbglaucoma.org.br\/paciente\/semana-mundial-do-glaucoma\/#primaryimage"},"thumbnailUrl":"https:\/\/www.sbglaucoma.org.br\/paciente\/wp-content\/uploads\/2020\/06\/89021564_2746657438716905_3420931680213401600_o.jpg","datePublished":"2020-03-09T18:36:17+00:00","dateModified":"2020-06-01T18:38:29+00:00","author":{"@id":"https:\/\/www.sbglaucoma.org.br\/paciente\/#\/schema\/person\/e6624ea29d71076b9daf6ca2a992365d"},"breadcrumb":{"@id":"https:\/\/www.sbglaucoma.org.br\/paciente\/semana-mundial-do-glaucoma\/#breadcrumb"},"inLanguage":"pt-BR","potentialAction":[{"@type":"ReadAction","target":["https:\/\/www.sbglaucoma.org.br\/paciente\/semana-mundial-do-glaucoma\/"]}]},{"@type":"ImageObject","inLanguage":"pt-BR","@id":"https:\/\/www.sbglaucoma.org.br\/paciente\/semana-mundial-do-glaucoma\/#primaryimage","url":"https:\/\/www.sbglaucoma.org.br\/paciente\/wp-content\/uploads\/2020\/06\/89021564_2746657438716905_3420931680213401600_o.jpg","contentUrl":"https:\/\/www.sbglaucoma.org.br\/paciente\/wp-content\/uploads\/2020\/06\/89021564_2746657438716905_3420931680213401600_o.jpg","width":960,"height":960},{"@type":"BreadcrumbList","@id":"https:\/\/www.sbglaucoma.org.br\/paciente\/semana-mundial-do-glaucoma\/#breadcrumb","itemListElement":[{"@type":"ListItem","position":1,"name":"In\u00edcio","item":"https:\/\/www.sbglaucoma.org.br\/paciente\/"},{"@type":"ListItem","position":2,"name":"Semana Mundial do Glaucoma"}]},{"@type":"WebSite","@id":"https:\/\/www.sbglaucoma.org.br\/paciente\/#website","url":"https:\/\/www.sbglaucoma.org.br\/paciente\/","name":"SBG - Sociedade Brasileira de Glaucoma","description":"","potentialAction":[{"@type":"SearchAction","target":{"@type":"EntryPoint","urlTemplate":"https:\/\/www.sbglaucoma.org.br\/paciente\/?s={search_term_string}"},"query-input":{"@type":"PropertyValueSpecification","valueRequired":true,"valueName":"search_term_string"}}],"inLanguage":"pt-BR"},{"@type":"Person","@id":"https:\/\/www.sbglaucoma.org.br\/paciente\/#\/schema\/person\/e6624ea29d71076b9daf6ca2a992365d","name":"Ricardo","image":{"@type":"ImageObject","inLanguage":"pt-BR","@id":"https:\/\/secure.gravatar.com\/avatar\/44920876e908c0295955ee29232efe54c5c4ae3c36c5fc42ce7d3fba63ad79e4?s=96&d=mm&r=g","url":"https:\/\/secure.gravatar.com\/avatar\/44920876e908c0295955ee29232efe54c5c4ae3c36c5fc42ce7d3fba63ad79e4?s=96&d=mm&r=g","contentUrl":"https:\/\/secure.gravatar.com\/avatar\/44920876e908c0295955ee29232efe54c5c4ae3c36c5fc42ce7d3fba63ad79e4?s=96&d=mm&r=g","caption":"Ricardo"},"url":"https:\/\/www.sbglaucoma.org.br\/paciente\/author\/ricardo\/"}]}},"_links":{"self":[{"href":"https:\/\/www.sbglaucoma.org.br\/paciente\/wp-json\/wp\/v2\/posts\/7713","targetHints":{"allow":["GET"]}}],"collection":[{"href":"https:\/\/www.sbglaucoma.org.br\/paciente\/wp-json\/wp\/v2\/posts"}],"about":[{"href":"https:\/\/www.sbglaucoma.org.br\/paciente\/wp-json\/wp\/v2\/types\/post"}],"author":[{"embeddable":true,"href":"https:\/\/www.sbglaucoma.org.br\/paciente\/wp-json\/wp\/v2\/users\/1"}],"replies":[{"embeddable":true,"href":"https:\/\/www.sbglaucoma.org.br\/paciente\/wp-json\/wp\/v2\/comments?post=7713"}],"version-history":[{"count":1,"href":"https:\/\/www.sbglaucoma.org.br\/paciente\/wp-json\/wp\/v2\/posts\/7713\/revisions"}],"predecessor-version":[{"id":7715,"href":"https:\/\/www.sbglaucoma.org.br\/paciente\/wp-json\/wp\/v2\/posts\/7713\/revisions\/7715"}],"wp:featuredmedia":[{"embeddable":true,"href":"https:\/\/www.sbglaucoma.org.br\/paciente\/wp-json\/wp\/v2\/media\/7714"}],"wp:attachment":[{"href":"https:\/\/www.sbglaucoma.org.br\/paciente\/wp-json\/wp\/v2\/media?parent=7713"}],"wp:term":[{"taxonomy":"category","embeddable":true,"href":"https:\/\/www.sbglaucoma.org.br\/paciente\/wp-json\/wp\/v2\/categories?post=7713"},{"taxonomy":"post_tag","embeddable":true,"href":"https:\/\/www.sbglaucoma.org.br\/paciente\/wp-json\/wp\/v2\/tags?post=7713"}],"curies":[{"name":"wp","href":"https:\/\/api.w.org\/{rel}","templated":true}]}}