{"id":5593,"date":"2017-09-04T15:15:57","date_gmt":"2017-09-04T18:15:57","guid":{"rendered":"https:\/\/sbglaucoma2.websiteseguro.com\/paciente\/?p=5593"},"modified":"2017-09-04T15:25:20","modified_gmt":"2017-09-04T18:25:20","slug":"relatorio-final-da-gestao-sbg-2015-2017","status":"publish","type":"post","link":"https:\/\/www.sbglaucoma.org.br\/paciente\/relatorio-final-da-gestao-sbg-2015-2017\/","title":{"rendered":"Relat\u00f3rio Final da Gest\u00e3o SBG 2015-2017"},"content":{"rendered":"<p>Prezados Ex-Presidentes e membros da Diretoria<\/p>\n<p>Em setembro de 2015, no Congresso Brasileiro de Oftalmologia tomei posse como <strong>Presidente da Sociedade Brasileira de Glaucoma<\/strong>. Fui eleito Vice Presidente em 2013, ap\u00f3s uma elei\u00e7\u00e3o disputada na qual obtive aproximadamente 75% dos votos v\u00e1lidos, tal resultado s\u00f3 foi poss\u00edvel gra\u00e7as ao apoio dos colegas de todos os estados da federa\u00e7\u00e3o, que me confiaram esta tarefa.<\/p>\n<p>Durante nossa gest\u00e3o tivemos a oportunidade de conceber e coordenar o primeiro <strong>Curso de Fundamentos do Glaucoma da SBG<\/strong>. Neste curso foram gravadas 30 videoaulas com aproximadamente 30 minutos cada, abordando desde os aspectos b\u00e1sicos, a proped\u00eautica, os glaucomas prim\u00e1rios e secund\u00e1rios, al\u00e9m dos diversos tipos de tratamentos dispon\u00edveis na atualidade. Foram abertas 100 vagas para assistir ao Curso presencialmente e ap\u00f3s a grava\u00e7\u00e3o, este foi disponibilizado para todos os colegas oftalmologistas do Brasil ou de outros pa\u00edses, bastando apenas acessar o s\u00edtio da SBG.<\/p>\n<p>A disponibiliza\u00e7\u00e3o aberta deste Curso permitiu que centenas de oftalmologistas, m\u00e9dicos residentes ou acad\u00eamicos de medicina, pudessem acessar este rico material no conforto de seus lares ou mesmo atrav\u00e9s do celular em qualquer lugar com acesso a internet. Este curso foi poss\u00edvel gra\u00e7as ao apoio de renomados oftalmologistas que de modo volunt\u00e1rio permitiram a grava\u00e7\u00e3o e distribui\u00e7\u00e3o de suas aulas. Nesta atividade tive o apoio incondicional da Dra. Wilma Lelis Barboza e do Prof. Ivan Maynart Tavares que colaboraram na coordena\u00e7\u00e3o do Curso.<\/p>\n<p>Outro ponto de mudan\u00e7a de paradigma foi em rela\u00e7\u00e3o \u00e0 <strong>Revista O Glaucoma<\/strong>, o primeiro boletim informativo da Sociedade Brasileira de Glaucoma, do qual fui um dos idealizadores e primeiro editor no ano de 1997. Na atual gest\u00e3o, transformamos a edi\u00e7\u00e3o impressa em edi\u00e7\u00e3o digital e mudamos o nome para <strong>Revista Glaucoma.Com<\/strong>, tamb\u00e9m dispon\u00edvel no s\u00edtio da SBG, permitindo desta forma o acesso de qualquer ponto com internet, sem custo de envio e gasto com impress\u00e3o.<\/p>\n<p>Nesta nova roupagem, inclu\u00edmos al\u00e9m dos artigos, informa\u00e7\u00f5es sobre aplicativos de celular para glaucoma, a se\u00e7\u00e3o \u201ccomo eu fa\u00e7o\u201d e um espa\u00e7o para teses de doutorado sobre glaucoma. Nesta empreitada os colegas Emilio Rintaro Suzuki Jr., Paulo Augusto de Arruda Mello, Alberto Diniz e Heloisa Maestrini foram de fundamental import\u00e2ncia para a concretiza\u00e7\u00e3o deste projeto.<\/p>\n<p>Uma inova\u00e7\u00e3o, desenvolvida durante nossa gest\u00e3o foi o programa <strong>A SBG vai at\u00e9 voc\u00ea<\/strong> que consiste em uma s\u00e9rie de casos cl\u00ednicos interativos onde s\u00e3o passados conceitos importantes aos oftalmologistas gerais das mais diversas partes do pa\u00eds. Este projeto foi desenvolvido com a colabora\u00e7\u00e3o dos colegas Em\u00edlio Rintaro Suzuki e Bruno Pimentel de Figueiredo.<\/p>\n<p>Outra inova\u00e7\u00e3o foi o <strong>Pr\u00eamio SBG Jovem Pesquisador em Glaucoma<\/strong>, que no ano de 2016 teve como patrono o Professor Nassim Calixto e no ano de 2017, o Professor Geraldo Vicente de Almeida. O objetivo deste pr\u00eamio \u00e9 incentivar jovens pesquisadores na \u00e1rea de glaucoma. A organiza\u00e7\u00e3o do pr\u00eamio coube ao Dr. Tiago Prata.<\/p>\n<p>Ainda, em linha com o compromisso de promover a divulga\u00e7\u00e3o, a amplia\u00e7\u00e3o do conhecimento e o aprimoramento t\u00e9cnico\/cient\u00edfico na \u00e1rea da oftalmologia, com enfoque em doen\u00e7a glaucomatosa, realizamos em abril de 2017 o <strong>1\u00ba Consenso de Cirurgia de Glaucoma<\/strong>. <\/p>\n<p>Ao observar que nos consensos anteriores havia momentos de discuss\u00f5es muito prolongadas e desgastantes, tive a ideia de fazer desta vez, a discuss\u00e3o pr\u00e9via atrav\u00e9s da internet, onde todos os participantes poderiam opinar sobre os temas permitindo que suas sugest\u00f5es fossem antecipadamente manifestadas e discutidas.<\/p>\n<p>Este trabalho em plataforma in\u00e9dita permitiu o acolhimento das informa\u00e7\u00f5es e discuss\u00f5es, totalmente via internet, mostrando ser poss\u00edvel simplificar um tema dif\u00edcil e controverso em um \u00fanico encontro presencial. Alguns assuntos mais pol\u00eamicos foram abertos \u00e0 discuss\u00e3o quando necess\u00e1rio, na tentativa de exaurir quaisquer d\u00favidas sobre determinado tema antes da vota\u00e7\u00e3o final. O intuito de toda esta log\u00edstica foi tornar o mais objetivo poss\u00edvel o dia da vota\u00e7\u00e3o interativa.<\/p>\n<p>Deste modo conseguimos levar a cabo, sem grandes pol\u00eamicas, toda a vota\u00e7\u00e3o em apenas um dia, resultando em um material de suma import\u00e2ncia para toda classe oftalmol\u00f3gica. Este material encontra-se dispon\u00edvel gratuitamente na p\u00e1gina da SBG. Nesta empreitada contamos com o valoroso apoio de 69 renomados especialistas em glaucoma das mais diversas regi\u00f5es do pa\u00eds. Foram coordenadores deste consenso: Marcelo Palis, Carlos Akira, Emilio Suzuki Jr., Luiz Alberto Melo e Ivan Maynart.<\/p>\n<p>Em maio de 2017, realizamos no Rio de Janeiro o <strong>XVII Simp\u00f3sio Internacional da Sociedade Brasileira de Glaucoma<\/strong>, quando inovamos ao mudar a grade da programa\u00e7\u00e3o cient\u00edfica e pela primeira vez mantivemos dois audit\u00f3rios funcionando concomitantemente durante os tr\u00eas dias do Simp\u00f3sio.<\/p>\n<p>As duas salas cheias foram a resposta positiva que esper\u00e1vamos para esta inova\u00e7\u00e3o que veio para ficar. Tamb\u00e9m inovamos no sentido de criarmos m\u00f3dulos em que foram discutidos glaucomas associados a outras subespecialidades, assim tivemos os m\u00f3dulos denominados \u201ctudo que voc\u00ea precisa saber\u201d sobre glaucoma e catarata, glaucoma e retina, glaucoma e c\u00f3rnea.<\/p>\n<p>Nestes m\u00f3dulos convidamos grandes expoentes das outras subespecialidades, com isso houve uma intera\u00e7\u00e3o enriquecedora. O resultado desta inova\u00e7\u00e3o foi extremamente satisfat\u00f3rio, pois as salas nestes m\u00f3dulos ficaram lotadas.<\/p>\n<p>Apesar de termos enfrentado durante toda a nossa gest\u00e3o a maior crise financeira que o nosso pais vem atravessando, conseguimos al\u00e9m de realizar todas as atividades acima descritas, excelentes resultados financeiros, tendo em vista que estamos entregando \u00e0 gest\u00e3o que se inicia, valores duas vezes maiores do que recebidos ao inicio da nossa gest\u00e3o.<\/p>\n<p>Foi com imensa honra que encarei essa miss\u00e3o de representar a prestigiosa classe dos colegas especialistas em glaucoma do Brasil. Durante todo este per\u00edodo me empenhei de corpo e alma para fazer o melhor poss\u00edvel neste cargo que me foi confiado pelos meus pares.<\/p>\n<p>Encarei esta miss\u00e3o como uma das maiores realiza\u00e7\u00f5es da minha vida profissional. Finalmente, aqui cabe um agradecimento especial aos colegas da diretoria e a Sra. Bete Fruchi que, ao longo desses anos tem se dedicado de maneira incans\u00e1vel \u00e0 nossa sociedade, a quem sou profundamente grato pela forma dedicada e competente que apoiou nossa gest\u00e3o.<\/p>\n<p>Desejo \u00e0 nova gest\u00e3o que se inicia muitas realiza\u00e7\u00f5es e sucesso!<\/p>\n<p>Forte abra\u00e7o a todos os colegas da nossa SBG!<\/p>\n<p><center><img loading=\"lazy\" decoding=\"async\" class=\"alignnone size-thumbnail wp-image-5595\" src=\"https:\/\/www.sbglaucoma.org.br\/paciente\/wp-content\/uploads\/2017\/09\/mr-150x123.png\" alt=\"mr\" width=\"150\" height=\"123\" \/><\/p>\n<p>Marcelo Palis Ventura<br \/>\nPresidente da SBG<\/center><\/p>\n","protected":false},"excerpt":{"rendered":"<p>Prezados Ex-Presidentes e membros da Diretoria Em setembro de 2015, no Congresso Brasileiro de Oftalmologia tomei posse como Presidente da Sociedade Brasileira de Glaucoma. Fui eleito Vice Presidente em 2013, ap\u00f3s uma elei\u00e7\u00e3o disputada na qual obtive aproximadamente 75% dos votos v\u00e1lidos, tal resultado s\u00f3 foi poss\u00edvel gra\u00e7as ao apoio dos colegas de todos os [&hellip;]<\/p>\n","protected":false},"author":1,"featured_media":0,"comment_status":"open","ping_status":"open","sticky":false,"template":"","format":"standard","meta":{"_acf_changed":false,"footnotes":""},"categories":[44],"tags":[],"class_list":["post-5593","post","type-post","status-publish","format-standard","hentry","category-noticias"],"acf":[],"yoast_head":"<!-- This site is optimized with the Yoast SEO plugin v27.5 - https:\/\/yoast.com\/product\/yoast-seo-wordpress\/ -->\n<title>Relat\u00f3rio Final da Gest\u00e3o SBG 2015-2017 - SBG - Sociedade Brasileira de Glaucoma<\/title>\n<meta name=\"robots\" content=\"index, follow, max-snippet:-1, max-image-preview:large, max-video-preview:-1\" \/>\n<link rel=\"canonical\" href=\"https:\/\/www.sbglaucoma.org.br\/paciente\/relatorio-final-da-gestao-sbg-2015-2017\/\" \/>\n<meta property=\"og:locale\" content=\"pt_BR\" \/>\n<meta property=\"og:type\" content=\"article\" \/>\n<meta property=\"og:title\" content=\"Relat\u00f3rio Final da Gest\u00e3o SBG 2015-2017 - SBG - Sociedade Brasileira de Glaucoma\" \/>\n<meta property=\"og:description\" content=\"Prezados Ex-Presidentes e membros da Diretoria Em setembro de 2015, no Congresso Brasileiro de Oftalmologia tomei posse como Presidente da Sociedade Brasileira de Glaucoma. Fui eleito Vice Presidente em 2013, ap\u00f3s uma elei\u00e7\u00e3o disputada na qual obtive aproximadamente 75% dos votos v\u00e1lidos, tal resultado s\u00f3 foi poss\u00edvel gra\u00e7as ao apoio dos colegas de todos os [&hellip;]\" \/>\n<meta property=\"og:url\" content=\"https:\/\/www.sbglaucoma.org.br\/paciente\/relatorio-final-da-gestao-sbg-2015-2017\/\" \/>\n<meta property=\"og:site_name\" content=\"SBG - Sociedade Brasileira de Glaucoma\" \/>\n<meta property=\"article:published_time\" content=\"2017-09-04T18:15:57+00:00\" \/>\n<meta property=\"article:modified_time\" content=\"2017-09-04T18:25:20+00:00\" \/>\n<meta property=\"og:image\" content=\"https:\/\/sbglaucoma2.websiteseguro.com\/paciente\/wp-content\/uploads\/2017\/09\/mr-150x123.png\" \/>\n<meta name=\"author\" content=\"Ricardo\" \/>\n<meta name=\"twitter:card\" content=\"summary_large_image\" \/>\n<meta name=\"twitter:label1\" content=\"Escrito por\" \/>\n\t<meta name=\"twitter:data1\" content=\"Ricardo\" \/>\n\t<meta name=\"twitter:label2\" content=\"Est. tempo de leitura\" \/>\n\t<meta name=\"twitter:data2\" content=\"5 minutos\" \/>\n<script type=\"application\/ld+json\" class=\"yoast-schema-graph\">{\"@context\":\"https:\\\/\\\/schema.org\",\"@graph\":[{\"@type\":\"Article\",\"@id\":\"https:\\\/\\\/www.sbglaucoma.org.br\\\/paciente\\\/relatorio-final-da-gestao-sbg-2015-2017\\\/#article\",\"isPartOf\":{\"@id\":\"https:\\\/\\\/www.sbglaucoma.org.br\\\/paciente\\\/relatorio-final-da-gestao-sbg-2015-2017\\\/\"},\"author\":{\"name\":\"Ricardo\",\"@id\":\"https:\\\/\\\/www.sbglaucoma.org.br\\\/paciente\\\/#\\\/schema\\\/person\\\/e6624ea29d71076b9daf6ca2a992365d\"},\"headline\":\"Relat\u00f3rio Final da Gest\u00e3o SBG 2015-2017\",\"datePublished\":\"2017-09-04T18:15:57+00:00\",\"dateModified\":\"2017-09-04T18:25:20+00:00\",\"mainEntityOfPage\":{\"@id\":\"https:\\\/\\\/www.sbglaucoma.org.br\\\/paciente\\\/relatorio-final-da-gestao-sbg-2015-2017\\\/\"},\"wordCount\":1107,\"commentCount\":0,\"image\":{\"@id\":\"https:\\\/\\\/www.sbglaucoma.org.br\\\/paciente\\\/relatorio-final-da-gestao-sbg-2015-2017\\\/#primaryimage\"},\"thumbnailUrl\":\"https:\\\/\\\/www.sbglaucoma.org.br\\\/paciente\\\/wp-content\\\/uploads\\\/2017\\\/09\\\/mr-150x123.png\",\"articleSection\":[\"Not\u00edcias\"],\"inLanguage\":\"pt-BR\",\"potentialAction\":[{\"@type\":\"CommentAction\",\"name\":\"Comment\",\"target\":[\"https:\\\/\\\/www.sbglaucoma.org.br\\\/paciente\\\/relatorio-final-da-gestao-sbg-2015-2017\\\/#respond\"]}]},{\"@type\":\"WebPage\",\"@id\":\"https:\\\/\\\/www.sbglaucoma.org.br\\\/paciente\\\/relatorio-final-da-gestao-sbg-2015-2017\\\/\",\"url\":\"https:\\\/\\\/www.sbglaucoma.org.br\\\/paciente\\\/relatorio-final-da-gestao-sbg-2015-2017\\\/\",\"name\":\"Relat\u00f3rio Final da Gest\u00e3o SBG 2015-2017 - SBG - Sociedade Brasileira de Glaucoma\",\"isPartOf\":{\"@id\":\"https:\\\/\\\/www.sbglaucoma.org.br\\\/paciente\\\/#website\"},\"primaryImageOfPage\":{\"@id\":\"https:\\\/\\\/www.sbglaucoma.org.br\\\/paciente\\\/relatorio-final-da-gestao-sbg-2015-2017\\\/#primaryimage\"},\"image\":{\"@id\":\"https:\\\/\\\/www.sbglaucoma.org.br\\\/paciente\\\/relatorio-final-da-gestao-sbg-2015-2017\\\/#primaryimage\"},\"thumbnailUrl\":\"https:\\\/\\\/www.sbglaucoma.org.br\\\/paciente\\\/wp-content\\\/uploads\\\/2017\\\/09\\\/mr-150x123.png\",\"datePublished\":\"2017-09-04T18:15:57+00:00\",\"dateModified\":\"2017-09-04T18:25:20+00:00\",\"author\":{\"@id\":\"https:\\\/\\\/www.sbglaucoma.org.br\\\/paciente\\\/#\\\/schema\\\/person\\\/e6624ea29d71076b9daf6ca2a992365d\"},\"breadcrumb\":{\"@id\":\"https:\\\/\\\/www.sbglaucoma.org.br\\\/paciente\\\/relatorio-final-da-gestao-sbg-2015-2017\\\/#breadcrumb\"},\"inLanguage\":\"pt-BR\",\"potentialAction\":[{\"@type\":\"ReadAction\",\"target\":[\"https:\\\/\\\/www.sbglaucoma.org.br\\\/paciente\\\/relatorio-final-da-gestao-sbg-2015-2017\\\/\"]}]},{\"@type\":\"ImageObject\",\"inLanguage\":\"pt-BR\",\"@id\":\"https:\\\/\\\/www.sbglaucoma.org.br\\\/paciente\\\/relatorio-final-da-gestao-sbg-2015-2017\\\/#primaryimage\",\"url\":\"https:\\\/\\\/www.sbglaucoma.org.br\\\/paciente\\\/wp-content\\\/uploads\\\/2017\\\/09\\\/mr.png\",\"contentUrl\":\"https:\\\/\\\/www.sbglaucoma.org.br\\\/paciente\\\/wp-content\\\/uploads\\\/2017\\\/09\\\/mr.png\",\"width\":222,\"height\":123},{\"@type\":\"BreadcrumbList\",\"@id\":\"https:\\\/\\\/www.sbglaucoma.org.br\\\/paciente\\\/relatorio-final-da-gestao-sbg-2015-2017\\\/#breadcrumb\",\"itemListElement\":[{\"@type\":\"ListItem\",\"position\":1,\"name\":\"In\u00edcio\",\"item\":\"https:\\\/\\\/www.sbglaucoma.org.br\\\/paciente\\\/\"},{\"@type\":\"ListItem\",\"position\":2,\"name\":\"Relat\u00f3rio Final da Gest\u00e3o SBG 2015-2017\"}]},{\"@type\":\"WebSite\",\"@id\":\"https:\\\/\\\/www.sbglaucoma.org.br\\\/paciente\\\/#website\",\"url\":\"https:\\\/\\\/www.sbglaucoma.org.br\\\/paciente\\\/\",\"name\":\"SBG - Sociedade Brasileira de Glaucoma\",\"description\":\"\",\"potentialAction\":[{\"@type\":\"SearchAction\",\"target\":{\"@type\":\"EntryPoint\",\"urlTemplate\":\"https:\\\/\\\/www.sbglaucoma.org.br\\\/paciente\\\/?s={search_term_string}\"},\"query-input\":{\"@type\":\"PropertyValueSpecification\",\"valueRequired\":true,\"valueName\":\"search_term_string\"}}],\"inLanguage\":\"pt-BR\"},{\"@type\":\"Person\",\"@id\":\"https:\\\/\\\/www.sbglaucoma.org.br\\\/paciente\\\/#\\\/schema\\\/person\\\/e6624ea29d71076b9daf6ca2a992365d\",\"name\":\"Ricardo\",\"image\":{\"@type\":\"ImageObject\",\"inLanguage\":\"pt-BR\",\"@id\":\"https:\\\/\\\/secure.gravatar.com\\\/avatar\\\/44920876e908c0295955ee29232efe54c5c4ae3c36c5fc42ce7d3fba63ad79e4?s=96&d=mm&r=g\",\"url\":\"https:\\\/\\\/secure.gravatar.com\\\/avatar\\\/44920876e908c0295955ee29232efe54c5c4ae3c36c5fc42ce7d3fba63ad79e4?s=96&d=mm&r=g\",\"contentUrl\":\"https:\\\/\\\/secure.gravatar.com\\\/avatar\\\/44920876e908c0295955ee29232efe54c5c4ae3c36c5fc42ce7d3fba63ad79e4?s=96&d=mm&r=g\",\"caption\":\"Ricardo\"},\"url\":\"https:\\\/\\\/www.sbglaucoma.org.br\\\/paciente\\\/author\\\/ricardo\\\/\"}]}<\/script>\n<!-- \/ Yoast SEO plugin. -->","yoast_head_json":{"title":"Relat\u00f3rio Final da Gest\u00e3o SBG 2015-2017 - SBG - Sociedade Brasileira de Glaucoma","robots":{"index":"index","follow":"follow","max-snippet":"max-snippet:-1","max-image-preview":"max-image-preview:large","max-video-preview":"max-video-preview:-1"},"canonical":"https:\/\/www.sbglaucoma.org.br\/paciente\/relatorio-final-da-gestao-sbg-2015-2017\/","og_locale":"pt_BR","og_type":"article","og_title":"Relat\u00f3rio Final da Gest\u00e3o SBG 2015-2017 - SBG - Sociedade Brasileira de Glaucoma","og_description":"Prezados Ex-Presidentes e membros da Diretoria Em setembro de 2015, no Congresso Brasileiro de Oftalmologia tomei posse como Presidente da Sociedade Brasileira de Glaucoma. Fui eleito Vice Presidente em 2013, ap\u00f3s uma elei\u00e7\u00e3o disputada na qual obtive aproximadamente 75% dos votos v\u00e1lidos, tal resultado s\u00f3 foi poss\u00edvel gra\u00e7as ao apoio dos colegas de todos os [&hellip;]","og_url":"https:\/\/www.sbglaucoma.org.br\/paciente\/relatorio-final-da-gestao-sbg-2015-2017\/","og_site_name":"SBG - Sociedade Brasileira de Glaucoma","article_published_time":"2017-09-04T18:15:57+00:00","article_modified_time":"2017-09-04T18:25:20+00:00","og_image":[{"url":"https:\/\/sbglaucoma2.websiteseguro.com\/paciente\/wp-content\/uploads\/2017\/09\/mr-150x123.png","type":"","width":"","height":""}],"author":"Ricardo","twitter_card":"summary_large_image","twitter_misc":{"Escrito por":"Ricardo","Est. tempo de leitura":"5 minutos"},"schema":{"@context":"https:\/\/schema.org","@graph":[{"@type":"Article","@id":"https:\/\/www.sbglaucoma.org.br\/paciente\/relatorio-final-da-gestao-sbg-2015-2017\/#article","isPartOf":{"@id":"https:\/\/www.sbglaucoma.org.br\/paciente\/relatorio-final-da-gestao-sbg-2015-2017\/"},"author":{"name":"Ricardo","@id":"https:\/\/www.sbglaucoma.org.br\/paciente\/#\/schema\/person\/e6624ea29d71076b9daf6ca2a992365d"},"headline":"Relat\u00f3rio Final da Gest\u00e3o SBG 2015-2017","datePublished":"2017-09-04T18:15:57+00:00","dateModified":"2017-09-04T18:25:20+00:00","mainEntityOfPage":{"@id":"https:\/\/www.sbglaucoma.org.br\/paciente\/relatorio-final-da-gestao-sbg-2015-2017\/"},"wordCount":1107,"commentCount":0,"image":{"@id":"https:\/\/www.sbglaucoma.org.br\/paciente\/relatorio-final-da-gestao-sbg-2015-2017\/#primaryimage"},"thumbnailUrl":"https:\/\/www.sbglaucoma.org.br\/paciente\/wp-content\/uploads\/2017\/09\/mr-150x123.png","articleSection":["Not\u00edcias"],"inLanguage":"pt-BR","potentialAction":[{"@type":"CommentAction","name":"Comment","target":["https:\/\/www.sbglaucoma.org.br\/paciente\/relatorio-final-da-gestao-sbg-2015-2017\/#respond"]}]},{"@type":"WebPage","@id":"https:\/\/www.sbglaucoma.org.br\/paciente\/relatorio-final-da-gestao-sbg-2015-2017\/","url":"https:\/\/www.sbglaucoma.org.br\/paciente\/relatorio-final-da-gestao-sbg-2015-2017\/","name":"Relat\u00f3rio Final da Gest\u00e3o SBG 2015-2017 - SBG - Sociedade Brasileira de Glaucoma","isPartOf":{"@id":"https:\/\/www.sbglaucoma.org.br\/paciente\/#website"},"primaryImageOfPage":{"@id":"https:\/\/www.sbglaucoma.org.br\/paciente\/relatorio-final-da-gestao-sbg-2015-2017\/#primaryimage"},"image":{"@id":"https:\/\/www.sbglaucoma.org.br\/paciente\/relatorio-final-da-gestao-sbg-2015-2017\/#primaryimage"},"thumbnailUrl":"https:\/\/www.sbglaucoma.org.br\/paciente\/wp-content\/uploads\/2017\/09\/mr-150x123.png","datePublished":"2017-09-04T18:15:57+00:00","dateModified":"2017-09-04T18:25:20+00:00","author":{"@id":"https:\/\/www.sbglaucoma.org.br\/paciente\/#\/schema\/person\/e6624ea29d71076b9daf6ca2a992365d"},"breadcrumb":{"@id":"https:\/\/www.sbglaucoma.org.br\/paciente\/relatorio-final-da-gestao-sbg-2015-2017\/#breadcrumb"},"inLanguage":"pt-BR","potentialAction":[{"@type":"ReadAction","target":["https:\/\/www.sbglaucoma.org.br\/paciente\/relatorio-final-da-gestao-sbg-2015-2017\/"]}]},{"@type":"ImageObject","inLanguage":"pt-BR","@id":"https:\/\/www.sbglaucoma.org.br\/paciente\/relatorio-final-da-gestao-sbg-2015-2017\/#primaryimage","url":"https:\/\/www.sbglaucoma.org.br\/paciente\/wp-content\/uploads\/2017\/09\/mr.png","contentUrl":"https:\/\/www.sbglaucoma.org.br\/paciente\/wp-content\/uploads\/2017\/09\/mr.png","width":222,"height":123},{"@type":"BreadcrumbList","@id":"https:\/\/www.sbglaucoma.org.br\/paciente\/relatorio-final-da-gestao-sbg-2015-2017\/#breadcrumb","itemListElement":[{"@type":"ListItem","position":1,"name":"In\u00edcio","item":"https:\/\/www.sbglaucoma.org.br\/paciente\/"},{"@type":"ListItem","position":2,"name":"Relat\u00f3rio Final da Gest\u00e3o SBG 2015-2017"}]},{"@type":"WebSite","@id":"https:\/\/www.sbglaucoma.org.br\/paciente\/#website","url":"https:\/\/www.sbglaucoma.org.br\/paciente\/","name":"SBG - Sociedade Brasileira de Glaucoma","description":"","potentialAction":[{"@type":"SearchAction","target":{"@type":"EntryPoint","urlTemplate":"https:\/\/www.sbglaucoma.org.br\/paciente\/?s={search_term_string}"},"query-input":{"@type":"PropertyValueSpecification","valueRequired":true,"valueName":"search_term_string"}}],"inLanguage":"pt-BR"},{"@type":"Person","@id":"https:\/\/www.sbglaucoma.org.br\/paciente\/#\/schema\/person\/e6624ea29d71076b9daf6ca2a992365d","name":"Ricardo","image":{"@type":"ImageObject","inLanguage":"pt-BR","@id":"https:\/\/secure.gravatar.com\/avatar\/44920876e908c0295955ee29232efe54c5c4ae3c36c5fc42ce7d3fba63ad79e4?s=96&d=mm&r=g","url":"https:\/\/secure.gravatar.com\/avatar\/44920876e908c0295955ee29232efe54c5c4ae3c36c5fc42ce7d3fba63ad79e4?s=96&d=mm&r=g","contentUrl":"https:\/\/secure.gravatar.com\/avatar\/44920876e908c0295955ee29232efe54c5c4ae3c36c5fc42ce7d3fba63ad79e4?s=96&d=mm&r=g","caption":"Ricardo"},"url":"https:\/\/www.sbglaucoma.org.br\/paciente\/author\/ricardo\/"}]}},"_links":{"self":[{"href":"https:\/\/www.sbglaucoma.org.br\/paciente\/wp-json\/wp\/v2\/posts\/5593","targetHints":{"allow":["GET"]}}],"collection":[{"href":"https:\/\/www.sbglaucoma.org.br\/paciente\/wp-json\/wp\/v2\/posts"}],"about":[{"href":"https:\/\/www.sbglaucoma.org.br\/paciente\/wp-json\/wp\/v2\/types\/post"}],"author":[{"embeddable":true,"href":"https:\/\/www.sbglaucoma.org.br\/paciente\/wp-json\/wp\/v2\/users\/1"}],"replies":[{"embeddable":true,"href":"https:\/\/www.sbglaucoma.org.br\/paciente\/wp-json\/wp\/v2\/comments?post=5593"}],"version-history":[{"count":12,"href":"https:\/\/www.sbglaucoma.org.br\/paciente\/wp-json\/wp\/v2\/posts\/5593\/revisions"}],"predecessor-version":[{"id":5606,"href":"https:\/\/www.sbglaucoma.org.br\/paciente\/wp-json\/wp\/v2\/posts\/5593\/revisions\/5606"}],"wp:attachment":[{"href":"https:\/\/www.sbglaucoma.org.br\/paciente\/wp-json\/wp\/v2\/media?parent=5593"}],"wp:term":[{"taxonomy":"category","embeddable":true,"href":"https:\/\/www.sbglaucoma.org.br\/paciente\/wp-json\/wp\/v2\/categories?post=5593"},{"taxonomy":"post_tag","embeddable":true,"href":"https:\/\/www.sbglaucoma.org.br\/paciente\/wp-json\/wp\/v2\/tags?post=5593"}],"curies":[{"name":"wp","href":"https:\/\/api.w.org\/{rel}","templated":true}]}}