{"id":4679,"date":"2017-03-06T22:33:50","date_gmt":"2017-03-07T01:33:50","guid":{"rendered":"https:\/\/sbglaucoma2.websiteseguro.com\/paciente\/?p=4679"},"modified":"2017-03-06T22:33:50","modified_gmt":"2017-03-07T01:33:50","slug":"eleicoes-sbg-2017","status":"publish","type":"post","link":"https:\/\/www.sbglaucoma.org.br\/paciente\/eleicoes-sbg-2017\/","title":{"rendered":"Elei\u00e7\u00f5es SBG 2017"},"content":{"rendered":"<p>Prezados(as) Doutores(as),<\/p>\n<p>Informamos que est\u00e3o abertas as inscri\u00e7\u00f5es para os cargos eletivos da SBG, que compor\u00e3o a diretoria para o bi\u00eanio 2017 \u2013 2019, a saber:<\/p>\n<p><strong>Vice Presidente<\/strong><br \/>\nA elei\u00e7\u00e3o do Vice Presidente atende ao Estatuto Social, em sua Se\u00e7\u00e3o II, da Diretoria Executiva, \u00a0art. 21 \u2013 par\u00e1grafo 1\u00b0.<\/p>\n<p><strong>05 (cinco) membros para o Conselho Consultivo<\/strong><br \/>\nOs candidatos ao Conselho Consultivo (5 vagas) devem obedecer ao determinado na Se\u00e7\u00e3o II, Do Conselho Consultivo, art. 31 e 32 do Estatuto Social.<\/p>\n<p><strong>05 (cinco) membros para o Conselho Fiscal<\/strong><br \/>\nOs candidatos ao Conselho Fiscal (5 vagas) devem obedecer ao determinado na Se\u00e7\u00e3o IV, Do Conselho Fiscal, art. 33 ao 35 do Estatuto Social.<\/p>\n<p>O <strong>prazo <\/strong>para inscri\u00e7\u00e3o ser\u00e1 do dia <strong>10 ao dia 30 de mar\u00e7o<\/strong>.<\/p>\n<p>As <strong>elei\u00e7\u00f5es<\/strong> ser\u00e3o no dia <strong>26 de maio<\/strong>, das <strong>12h00 \u00e0s 16h00, durante o Simp\u00f3sio da SBG.<\/strong><\/p>\n<p>Est\u00e3o aptos \u00e0 vota\u00e7\u00e3o os associados quites com a anuidade de 2017.<\/p>\n<p>As candidaturas devem ser enviadas para a SBG, <strong>IMPRETERIVELMENTE<\/strong> <strong>at\u00e9 o dia 30 de mar\u00e7o<em>, <\/em><\/strong>acompanhadas da ficha de inscri\u00e7\u00e3o anexa, datada e assinada, pelos Correios, atrav\u00e9s do sistema \u201cCOMPROVANTE DE RECEBIMENTO\u201d.<\/p>\n<p><strong>FICHA DE CADASTRO<br \/>\n<a href=\"https:\/\/www.sbglaucoma.org.br\/paciente\/wp-content\/uploads\/2017\/03\/ficha-cadastro-eleicoes-sbg-2017.pdf\" target=\"_blank\">Clique aqui<\/a> <\/strong>para fazer o download da ficha de cadastro.<\/p>\n<p>Consideraremos, para recebimento, a data da postagem nos Correios. Para o nosso controle, solicitamos o envio do comprovante de remessa atrav\u00e9s do <a href=\"mailto:sbglaucoma@sbglaucoma2.websiteseguro.com\">sbglaucoma@sbglaucoma2.websiteseguro.com<\/a>.<\/p>\n<p>O Estatuto Social pode ser visto em sua \u00edntegra no portal da SBG, em <a href=\"https:\/\/www.sbglaucoma.org.br\/paciente\/pdf\/estatuto_social_sbg.pdf\">https:\/\/www.sbglaucoma.org.br\/paciente\/pdf\/estatuto_social_sbg.pdf<\/a><\/p>\n<p>Favor atentar para o fato de que <strong>somente ser\u00e3o aceitas as inscri\u00e7\u00f5es dos candidatos quites com a anuidade do ano vigente \u2013 2017.<\/strong><\/p>\n<p>Estamos \u00e0 sua disposi\u00e7\u00e3o para as d\u00favidas que tiver.<\/p>\n<p>att,<\/p>\n<p><strong>Jair Giampani Jr. <\/strong><br \/>\nCoordenador das Elei\u00e7\u00f5es 2017 para o bi\u00eanio 2017 &#8211; 2019<br \/>\nSBG \u2013 Sociedade Brasileira de Glaucoma<\/p>\n<p>Rua Mato Grosso, 306 \u2013 conj. 1702<br \/>\n01239-040 \u2013 Higien\u00f3polis \u2013 S\u00e3o Paulo \u2013 SP<\/p>\n<p>Tel.: (11) 3214.2004<br \/>\n<a href=\"https:\/\/www.sbglaucoma.org.br\/paciente\/\" target=\"_blank\">www.sbglaucoma.org.br <\/a><br \/>\n<a href=\"mailto:sbglaucoma@sbglaucoma2.websiteseguro.com\">sbglaucoma@sbglaucoma2.websiteseguro.com<\/a><\/p>\n","protected":false},"excerpt":{"rendered":"<p>Prezados(as) Doutores(as), Informamos que est\u00e3o abertas as inscri\u00e7\u00f5es para os cargos eletivos da SBG, que compor\u00e3o a diretoria para o bi\u00eanio 2017 \u2013 2019, a saber: Vice Presidente A elei\u00e7\u00e3o do Vice Presidente atende ao Estatuto Social, em sua Se\u00e7\u00e3o II, da Diretoria Executiva, \u00a0art. 21 \u2013 par\u00e1grafo 1\u00b0. 05 (cinco) membros para o Conselho [&hellip;]<\/p>\n","protected":false},"author":1,"featured_media":0,"comment_status":"open","ping_status":"open","sticky":false,"template":"","format":"standard","meta":{"_acf_changed":false,"footnotes":""},"categories":[44],"tags":[],"class_list":["post-4679","post","type-post","status-publish","format-standard","hentry","category-noticias"],"acf":[],"yoast_head":"<!-- This site is optimized with the Yoast SEO plugin v27.5 - https:\/\/yoast.com\/product\/yoast-seo-wordpress\/ -->\n<title>Elei\u00e7\u00f5es SBG 2017 - SBG - Sociedade Brasileira de Glaucoma<\/title>\n<meta name=\"robots\" content=\"index, follow, max-snippet:-1, max-image-preview:large, max-video-preview:-1\" \/>\n<link rel=\"canonical\" href=\"https:\/\/www.sbglaucoma.org.br\/paciente\/eleicoes-sbg-2017\/\" \/>\n<meta property=\"og:locale\" content=\"pt_BR\" \/>\n<meta property=\"og:type\" content=\"article\" \/>\n<meta property=\"og:title\" content=\"Elei\u00e7\u00f5es SBG 2017 - SBG - Sociedade Brasileira de Glaucoma\" \/>\n<meta property=\"og:description\" content=\"Prezados(as) Doutores(as), Informamos que est\u00e3o abertas as inscri\u00e7\u00f5es para os cargos eletivos da SBG, que compor\u00e3o a diretoria para o bi\u00eanio 2017 \u2013 2019, a saber: Vice Presidente A elei\u00e7\u00e3o do Vice Presidente atende ao Estatuto Social, em sua Se\u00e7\u00e3o II, da Diretoria Executiva, \u00a0art. 21 \u2013 par\u00e1grafo 1\u00b0. 05 (cinco) membros para o Conselho [&hellip;]\" \/>\n<meta property=\"og:url\" content=\"https:\/\/www.sbglaucoma.org.br\/paciente\/eleicoes-sbg-2017\/\" \/>\n<meta property=\"og:site_name\" content=\"SBG - Sociedade Brasileira de Glaucoma\" \/>\n<meta property=\"article:published_time\" content=\"2017-03-07T01:33:50+00:00\" \/>\n<meta name=\"author\" content=\"Ricardo\" \/>\n<meta name=\"twitter:card\" content=\"summary_large_image\" \/>\n<meta name=\"twitter:label1\" content=\"Escrito por\" \/>\n\t<meta name=\"twitter:data1\" content=\"Ricardo\" \/>\n\t<meta name=\"twitter:label2\" content=\"Est. tempo de leitura\" \/>\n\t<meta name=\"twitter:data2\" content=\"2 minutos\" \/>\n<script type=\"application\/ld+json\" class=\"yoast-schema-graph\">{\"@context\":\"https:\\\/\\\/schema.org\",\"@graph\":[{\"@type\":\"Article\",\"@id\":\"https:\\\/\\\/www.sbglaucoma.org.br\\\/paciente\\\/eleicoes-sbg-2017\\\/#article\",\"isPartOf\":{\"@id\":\"https:\\\/\\\/www.sbglaucoma.org.br\\\/paciente\\\/eleicoes-sbg-2017\\\/\"},\"author\":{\"name\":\"Ricardo\",\"@id\":\"https:\\\/\\\/www.sbglaucoma.org.br\\\/paciente\\\/#\\\/schema\\\/person\\\/e6624ea29d71076b9daf6ca2a992365d\"},\"headline\":\"Elei\u00e7\u00f5es SBG 2017\",\"datePublished\":\"2017-03-07T01:33:50+00:00\",\"mainEntityOfPage\":{\"@id\":\"https:\\\/\\\/www.sbglaucoma.org.br\\\/paciente\\\/eleicoes-sbg-2017\\\/\"},\"wordCount\":325,\"commentCount\":0,\"articleSection\":[\"Not\u00edcias\"],\"inLanguage\":\"pt-BR\",\"potentialAction\":[{\"@type\":\"CommentAction\",\"name\":\"Comment\",\"target\":[\"https:\\\/\\\/www.sbglaucoma.org.br\\\/paciente\\\/eleicoes-sbg-2017\\\/#respond\"]}]},{\"@type\":\"WebPage\",\"@id\":\"https:\\\/\\\/www.sbglaucoma.org.br\\\/paciente\\\/eleicoes-sbg-2017\\\/\",\"url\":\"https:\\\/\\\/www.sbglaucoma.org.br\\\/paciente\\\/eleicoes-sbg-2017\\\/\",\"name\":\"Elei\u00e7\u00f5es SBG 2017 - SBG - Sociedade Brasileira de Glaucoma\",\"isPartOf\":{\"@id\":\"https:\\\/\\\/www.sbglaucoma.org.br\\\/paciente\\\/#website\"},\"datePublished\":\"2017-03-07T01:33:50+00:00\",\"author\":{\"@id\":\"https:\\\/\\\/www.sbglaucoma.org.br\\\/paciente\\\/#\\\/schema\\\/person\\\/e6624ea29d71076b9daf6ca2a992365d\"},\"breadcrumb\":{\"@id\":\"https:\\\/\\\/www.sbglaucoma.org.br\\\/paciente\\\/eleicoes-sbg-2017\\\/#breadcrumb\"},\"inLanguage\":\"pt-BR\",\"potentialAction\":[{\"@type\":\"ReadAction\",\"target\":[\"https:\\\/\\\/www.sbglaucoma.org.br\\\/paciente\\\/eleicoes-sbg-2017\\\/\"]}]},{\"@type\":\"BreadcrumbList\",\"@id\":\"https:\\\/\\\/www.sbglaucoma.org.br\\\/paciente\\\/eleicoes-sbg-2017\\\/#breadcrumb\",\"itemListElement\":[{\"@type\":\"ListItem\",\"position\":1,\"name\":\"In\u00edcio\",\"item\":\"https:\\\/\\\/www.sbglaucoma.org.br\\\/paciente\\\/\"},{\"@type\":\"ListItem\",\"position\":2,\"name\":\"Elei\u00e7\u00f5es SBG 2017\"}]},{\"@type\":\"WebSite\",\"@id\":\"https:\\\/\\\/www.sbglaucoma.org.br\\\/paciente\\\/#website\",\"url\":\"https:\\\/\\\/www.sbglaucoma.org.br\\\/paciente\\\/\",\"name\":\"SBG - Sociedade Brasileira de Glaucoma\",\"description\":\"\",\"potentialAction\":[{\"@type\":\"SearchAction\",\"target\":{\"@type\":\"EntryPoint\",\"urlTemplate\":\"https:\\\/\\\/www.sbglaucoma.org.br\\\/paciente\\\/?s={search_term_string}\"},\"query-input\":{\"@type\":\"PropertyValueSpecification\",\"valueRequired\":true,\"valueName\":\"search_term_string\"}}],\"inLanguage\":\"pt-BR\"},{\"@type\":\"Person\",\"@id\":\"https:\\\/\\\/www.sbglaucoma.org.br\\\/paciente\\\/#\\\/schema\\\/person\\\/e6624ea29d71076b9daf6ca2a992365d\",\"name\":\"Ricardo\",\"image\":{\"@type\":\"ImageObject\",\"inLanguage\":\"pt-BR\",\"@id\":\"https:\\\/\\\/secure.gravatar.com\\\/avatar\\\/44920876e908c0295955ee29232efe54c5c4ae3c36c5fc42ce7d3fba63ad79e4?s=96&d=mm&r=g\",\"url\":\"https:\\\/\\\/secure.gravatar.com\\\/avatar\\\/44920876e908c0295955ee29232efe54c5c4ae3c36c5fc42ce7d3fba63ad79e4?s=96&d=mm&r=g\",\"contentUrl\":\"https:\\\/\\\/secure.gravatar.com\\\/avatar\\\/44920876e908c0295955ee29232efe54c5c4ae3c36c5fc42ce7d3fba63ad79e4?s=96&d=mm&r=g\",\"caption\":\"Ricardo\"},\"url\":\"https:\\\/\\\/www.sbglaucoma.org.br\\\/paciente\\\/author\\\/ricardo\\\/\"}]}<\/script>\n<!-- \/ Yoast SEO plugin. -->","yoast_head_json":{"title":"Elei\u00e7\u00f5es SBG 2017 - SBG - Sociedade Brasileira de Glaucoma","robots":{"index":"index","follow":"follow","max-snippet":"max-snippet:-1","max-image-preview":"max-image-preview:large","max-video-preview":"max-video-preview:-1"},"canonical":"https:\/\/www.sbglaucoma.org.br\/paciente\/eleicoes-sbg-2017\/","og_locale":"pt_BR","og_type":"article","og_title":"Elei\u00e7\u00f5es SBG 2017 - SBG - Sociedade Brasileira de Glaucoma","og_description":"Prezados(as) Doutores(as), Informamos que est\u00e3o abertas as inscri\u00e7\u00f5es para os cargos eletivos da SBG, que compor\u00e3o a diretoria para o bi\u00eanio 2017 \u2013 2019, a saber: Vice Presidente A elei\u00e7\u00e3o do Vice Presidente atende ao Estatuto Social, em sua Se\u00e7\u00e3o II, da Diretoria Executiva, \u00a0art. 21 \u2013 par\u00e1grafo 1\u00b0. 05 (cinco) membros para o Conselho [&hellip;]","og_url":"https:\/\/www.sbglaucoma.org.br\/paciente\/eleicoes-sbg-2017\/","og_site_name":"SBG - Sociedade Brasileira de Glaucoma","article_published_time":"2017-03-07T01:33:50+00:00","author":"Ricardo","twitter_card":"summary_large_image","twitter_misc":{"Escrito por":"Ricardo","Est. tempo de leitura":"2 minutos"},"schema":{"@context":"https:\/\/schema.org","@graph":[{"@type":"Article","@id":"https:\/\/www.sbglaucoma.org.br\/paciente\/eleicoes-sbg-2017\/#article","isPartOf":{"@id":"https:\/\/www.sbglaucoma.org.br\/paciente\/eleicoes-sbg-2017\/"},"author":{"name":"Ricardo","@id":"https:\/\/www.sbglaucoma.org.br\/paciente\/#\/schema\/person\/e6624ea29d71076b9daf6ca2a992365d"},"headline":"Elei\u00e7\u00f5es SBG 2017","datePublished":"2017-03-07T01:33:50+00:00","mainEntityOfPage":{"@id":"https:\/\/www.sbglaucoma.org.br\/paciente\/eleicoes-sbg-2017\/"},"wordCount":325,"commentCount":0,"articleSection":["Not\u00edcias"],"inLanguage":"pt-BR","potentialAction":[{"@type":"CommentAction","name":"Comment","target":["https:\/\/www.sbglaucoma.org.br\/paciente\/eleicoes-sbg-2017\/#respond"]}]},{"@type":"WebPage","@id":"https:\/\/www.sbglaucoma.org.br\/paciente\/eleicoes-sbg-2017\/","url":"https:\/\/www.sbglaucoma.org.br\/paciente\/eleicoes-sbg-2017\/","name":"Elei\u00e7\u00f5es SBG 2017 - SBG - Sociedade Brasileira de Glaucoma","isPartOf":{"@id":"https:\/\/www.sbglaucoma.org.br\/paciente\/#website"},"datePublished":"2017-03-07T01:33:50+00:00","author":{"@id":"https:\/\/www.sbglaucoma.org.br\/paciente\/#\/schema\/person\/e6624ea29d71076b9daf6ca2a992365d"},"breadcrumb":{"@id":"https:\/\/www.sbglaucoma.org.br\/paciente\/eleicoes-sbg-2017\/#breadcrumb"},"inLanguage":"pt-BR","potentialAction":[{"@type":"ReadAction","target":["https:\/\/www.sbglaucoma.org.br\/paciente\/eleicoes-sbg-2017\/"]}]},{"@type":"BreadcrumbList","@id":"https:\/\/www.sbglaucoma.org.br\/paciente\/eleicoes-sbg-2017\/#breadcrumb","itemListElement":[{"@type":"ListItem","position":1,"name":"In\u00edcio","item":"https:\/\/www.sbglaucoma.org.br\/paciente\/"},{"@type":"ListItem","position":2,"name":"Elei\u00e7\u00f5es SBG 2017"}]},{"@type":"WebSite","@id":"https:\/\/www.sbglaucoma.org.br\/paciente\/#website","url":"https:\/\/www.sbglaucoma.org.br\/paciente\/","name":"SBG - Sociedade Brasileira de Glaucoma","description":"","potentialAction":[{"@type":"SearchAction","target":{"@type":"EntryPoint","urlTemplate":"https:\/\/www.sbglaucoma.org.br\/paciente\/?s={search_term_string}"},"query-input":{"@type":"PropertyValueSpecification","valueRequired":true,"valueName":"search_term_string"}}],"inLanguage":"pt-BR"},{"@type":"Person","@id":"https:\/\/www.sbglaucoma.org.br\/paciente\/#\/schema\/person\/e6624ea29d71076b9daf6ca2a992365d","name":"Ricardo","image":{"@type":"ImageObject","inLanguage":"pt-BR","@id":"https:\/\/secure.gravatar.com\/avatar\/44920876e908c0295955ee29232efe54c5c4ae3c36c5fc42ce7d3fba63ad79e4?s=96&d=mm&r=g","url":"https:\/\/secure.gravatar.com\/avatar\/44920876e908c0295955ee29232efe54c5c4ae3c36c5fc42ce7d3fba63ad79e4?s=96&d=mm&r=g","contentUrl":"https:\/\/secure.gravatar.com\/avatar\/44920876e908c0295955ee29232efe54c5c4ae3c36c5fc42ce7d3fba63ad79e4?s=96&d=mm&r=g","caption":"Ricardo"},"url":"https:\/\/www.sbglaucoma.org.br\/paciente\/author\/ricardo\/"}]}},"_links":{"self":[{"href":"https:\/\/www.sbglaucoma.org.br\/paciente\/wp-json\/wp\/v2\/posts\/4679","targetHints":{"allow":["GET"]}}],"collection":[{"href":"https:\/\/www.sbglaucoma.org.br\/paciente\/wp-json\/wp\/v2\/posts"}],"about":[{"href":"https:\/\/www.sbglaucoma.org.br\/paciente\/wp-json\/wp\/v2\/types\/post"}],"author":[{"embeddable":true,"href":"https:\/\/www.sbglaucoma.org.br\/paciente\/wp-json\/wp\/v2\/users\/1"}],"replies":[{"embeddable":true,"href":"https:\/\/www.sbglaucoma.org.br\/paciente\/wp-json\/wp\/v2\/comments?post=4679"}],"version-history":[{"count":1,"href":"https:\/\/www.sbglaucoma.org.br\/paciente\/wp-json\/wp\/v2\/posts\/4679\/revisions"}],"predecessor-version":[{"id":4680,"href":"https:\/\/www.sbglaucoma.org.br\/paciente\/wp-json\/wp\/v2\/posts\/4679\/revisions\/4680"}],"wp:attachment":[{"href":"https:\/\/www.sbglaucoma.org.br\/paciente\/wp-json\/wp\/v2\/media?parent=4679"}],"wp:term":[{"taxonomy":"category","embeddable":true,"href":"https:\/\/www.sbglaucoma.org.br\/paciente\/wp-json\/wp\/v2\/categories?post=4679"},{"taxonomy":"post_tag","embeddable":true,"href":"https:\/\/www.sbglaucoma.org.br\/paciente\/wp-json\/wp\/v2\/tags?post=4679"}],"curies":[{"name":"wp","href":"https:\/\/api.w.org\/{rel}","templated":true}]}}