{"id":1872,"date":"2015-02-13T13:09:58","date_gmt":"2015-02-13T15:09:58","guid":{"rendered":"https:\/\/sbglaucoma2.websiteseguro.com\/paciente\/?p=1872"},"modified":"2016-12-05T17:27:31","modified_gmt":"2016-12-05T19:27:31","slug":"eleicoes-sbg-2015-diretoria-bienio-2015-2017","status":"publish","type":"post","link":"https:\/\/www.sbglaucoma.org.br\/paciente\/eleicoes-sbg-2015-diretoria-bienio-2015-2017\/","title":{"rendered":"Elei\u00e7\u00f5es SBG 2015 \u2013 Diretoria bi\u00eanio 2015 \u2013 2017"},"content":{"rendered":"<p><img loading=\"lazy\" decoding=\"async\" src=\"https:\/\/www.sbglaucoma.org.br\/paciente\/newsletter\/2015\/01-27\/logo-sbg.jpg\" width=\"184\" height=\"127\" alt=\"\"\/><\/p>\n<p>A SBG informa que est\u00e3o abertas as inscri\u00e7\u00f5es para as elei\u00e7\u00f5es 2015, para os cargos que compor\u00e3o a diretoria para o bi\u00eanio 2015 \u2013 2017, conforme abaixo:<\/p>\n<ol>\n<li>O pleito atender\u00e1 o determinado no cap\u00edtulo IV do Estatuto Social \u2013 Elei\u00e7\u00f5es, arts. 36 a 39.<\/li>\n<li>O prazo para apresenta\u00e7\u00e3o da candidatura, iniciados na publica\u00e7\u00e3o deste edital  \u00e9 <strong>at\u00e9 o dia 1 de abril<\/strong>.<\/li>\n<li>A elei\u00e7\u00e3o ser\u00e1 realizada no per\u00edodo das <strong>14h00 \u00e0s 16h00<\/strong>, do dia <strong>15 de maio de 2015, durante o XVI Simp\u00f3sio Internacional da SBG, em Goi\u00e2nia \u2013 GO<\/strong>.<\/li>\n<li>Os candidatos, que dever\u00e3o preencher a ficha de cadastro espec\u00edfica para a candidatura e devolv\u00ea-la, <strong>at\u00e9 o dia 1 de abril<\/strong>, para nosso endere\u00e7o, pelo Correio ou por e-mail.<\/li>\n<li>As fichas de cadastro para apresenta\u00e7\u00e3o da candidatura devem ser solicitadas pelo e-mail <a href=\"mailto:sbglaucoma@sbglaucoma2.websiteseguro.com\" target=\"_blank\" style=\"color:#2D2D2D\">sbglaucoma@sbglaucoma2.websiteseguro.com<\/a> ou pelo link<\/li>\n<li>A elei\u00e7\u00e3o ser\u00e1 realizada para complementa\u00e7\u00e3o das vagas abaixo:\n<ul style=\"font-weight:bold\">\n<li>Vice Presidente \u2013 1 vaga<\/li>\n<li>Conselho Consultivo \u2013 5 vagas<\/li>\n<li>Conselho Fiscal \u2013 5 vagas<\/li>\n<\/ul>\n<\/li>\n<li>Os candidatos ao Conselho Consultivo devem comprovar que s\u00e3o  Chefes de Servi\u00e7o de Glaucoma credenciado pelo Conselho Brasileiro de Oftalmologia.<\/li>\n<li>Os candidatos ao Conselho Fiscal, devem pertencer \u00e0 categoria de Titular Fundador, Titular Honor\u00e1rio ou Titular, com perman\u00eancia na referida categoria h\u00e1 pelo menos 4 (quatro) anos.<\/li>\n<li>Podem concorrer \u00e0 reelei\u00e7\u00e3o os candidatos ao Conselho Consultivo ou Conselho Fiscal.<\/li>\n<\/ol>\n<table width=\"80%\" border=\"1\" align=\"center\" cellpadding=\"5\" cellspacing=\"0\">\n<tr>\n<td colspan=\"2\" style=\"background-color:#E5D600; text-align:center; font-weight:bold\">APRESENTA\u00c7\u00c3O CANDIDATURA<\/td>\n<\/tr>\n<tr>\n<td style=\"text-align:center; width:50%; background-color:#E9E9E9\"><strong>IN\u00cdCIO<\/strong><\/td>\n<td style=\"text-align:center; background-color:#E9E9E9\"><strong>FINAL<\/strong><\/td>\n<\/tr>\n<tr>\n<td style=\"text-align:center\">16 DE FEVEREIRO DE 2015<\/td>\n<td style=\"text-align:center\">01 DE ABRIL DE 2015<\/td>\n<\/tr>\n<\/table>\n<p><\/p>\n<table width=\"80%\" border=\"1\" align=\"center\" cellpadding=\"5\" cellspacing=\"0\">\n<tr>\n<td colspan=\"3\" style=\"background-color:#E5D600; text-align:center; font-weight:bold\">CARGOS<\/td>\n<\/tr>\n<tr>\n<td style=\"text-align:center; width:25%; background-color:#E9E9E9\"><strong>CARGOS<\/strong><\/td>\n<td style=\"text-align:center; width:25%; background-color:#E9E9E9\"><strong>N\u00ba  CARGOS<\/strong><\/td>\n<td style=\"text-align:center; background-color:#E9E9E9\"><strong>OBS<\/strong><\/td>\n<\/tr>\n<tr>\n<td>Vice Presidente<\/td>\n<td style=\"text-align:center\">1<\/td>\n<td>&nbsp;<\/td>\n<\/tr>\n<tr>\n<td>Conselho Fiscal<\/td>\n<td style=\"text-align:center\">5<\/td>\n<td>Podem  ser reeleitos.<br \/>\nDevem pertencer \u00e0 categoria de Titular Fundador, Titular Honor\u00e1rio ou Titular, com perman\u00eancia na referida categoria h\u00e1 pelo menos 4 anos.\n<\/td>\n<\/tr>\n<tr>\n<td>Conselho Consultivo<\/td>\n<td style=\"text-align:center\">5<\/td>\n<td>Podem ser reeleitos.<br \/>\nDevem comprovar que s\u00e3o Chefes de Servi\u00e7o de Glaucoma credenciado<br \/>\npelo Conselho Brasileiro de Oftalmologia.\n<\/td>\n<\/tr>\n<\/table>\n<p><\/p>\n<table width=\"80%\" border=\"1\" align=\"center\" cellpadding=\"5\" cellspacing=\"0\">\n<tr>\n<td colspan=\"2\" style=\"background-color:#E5D600; text-align:center; font-weight:bold\">ELEI\u00c7\u00d5ES<\/td>\n<\/tr>\n<tr>\n<td style=\"width:25%; background-color:#E9E9E9\"><strong>DATA<\/strong><\/td>\n<td>15 DE MAIO DE 2015<\/td>\n<\/tr>\n<tr>\n<td style=\"background-color:#E9E9E9\"><strong>HOR\u00c1RIO<\/strong><\/td>\n<td>das 14 \u00e0s 16 horas<\/td>\n<\/tr>\n<tr>\n<td style=\"background-color:#E9E9E9\"><strong>LOCAL<\/strong><\/td>\n<td>XVI Simp\u00f3sio da SBG<\/td>\n<\/tr>\n<\/table>\n<p><\/p>\n<hr \/>\n<p><strong>SBG \u2013 Sociedade Brasileira de Glaucoma<\/strong><br \/>\nRua Mato Grosso, 306 \u2013 conj. 1702 &#8211; 01239-040 \u2013 Higien\u00f3polis &#8211; S\u00e3o Paulo \u2013 SP<br \/>\nFone: 11.3214.2004<br \/>\nPortal: <a href=\"https:\/\/www.sbglaucoma.org.br\/paciente\" target=\"_blank\" style=\"color:#2D2D2D\">https:\/\/www.sbglaucoma.org.br\/paciente<\/a><br \/>\nE-mail: <a href=\"mailto:sbglaucoma@sbglaucoma2.websiteseguro.com\" target=\"_blank\" style=\"color:#2D2D2D\">sbglaucoma@sbglaucoma2.websiteseguro.com<\/a><\/p>\n","protected":false},"excerpt":{"rendered":"<p>A SBG informa que est\u00e3o abertas as inscri\u00e7\u00f5es para as elei\u00e7\u00f5es 2015, para os cargos que compor\u00e3o a diretoria para o bi\u00eanio 2015 \u2013 2017, conforme abaixo: O pleito atender\u00e1 o determinado no cap\u00edtulo IV do Estatuto Social \u2013 Elei\u00e7\u00f5es, arts. 36 a 39. O prazo para apresenta\u00e7\u00e3o da candidatura, iniciados na publica\u00e7\u00e3o deste edital [&hellip;]<\/p>\n","protected":false},"author":1,"featured_media":0,"comment_status":"open","ping_status":"open","sticky":false,"template":"","format":"standard","meta":{"_acf_changed":false,"footnotes":""},"categories":[44],"tags":[],"class_list":["post-1872","post","type-post","status-publish","format-standard","hentry","category-noticias"],"acf":[],"yoast_head":"<!-- This site is optimized with the Yoast SEO plugin v27.5 - https:\/\/yoast.com\/product\/yoast-seo-wordpress\/ -->\n<title>Elei\u00e7\u00f5es SBG 2015 \u2013 Diretoria bi\u00eanio 2015 \u2013 2017 - SBG - Sociedade Brasileira de Glaucoma<\/title>\n<meta name=\"robots\" content=\"index, follow, max-snippet:-1, max-image-preview:large, max-video-preview:-1\" \/>\n<link rel=\"canonical\" href=\"https:\/\/www.sbglaucoma.org.br\/paciente\/eleicoes-sbg-2015-diretoria-bienio-2015-2017\/\" \/>\n<meta property=\"og:locale\" content=\"pt_BR\" \/>\n<meta property=\"og:type\" content=\"article\" \/>\n<meta property=\"og:title\" content=\"Elei\u00e7\u00f5es SBG 2015 \u2013 Diretoria bi\u00eanio 2015 \u2013 2017 - SBG - Sociedade Brasileira de Glaucoma\" \/>\n<meta property=\"og:description\" content=\"A SBG informa que est\u00e3o abertas as inscri\u00e7\u00f5es para as elei\u00e7\u00f5es 2015, para os cargos que compor\u00e3o a diretoria para o bi\u00eanio 2015 \u2013 2017, conforme abaixo: O pleito atender\u00e1 o determinado no cap\u00edtulo IV do Estatuto Social \u2013 Elei\u00e7\u00f5es, arts. 36 a 39. O prazo para apresenta\u00e7\u00e3o da candidatura, iniciados na publica\u00e7\u00e3o deste edital [&hellip;]\" \/>\n<meta property=\"og:url\" content=\"https:\/\/www.sbglaucoma.org.br\/paciente\/eleicoes-sbg-2015-diretoria-bienio-2015-2017\/\" \/>\n<meta property=\"og:site_name\" content=\"SBG - Sociedade Brasileira de Glaucoma\" \/>\n<meta property=\"article:published_time\" content=\"2015-02-13T15:09:58+00:00\" \/>\n<meta property=\"article:modified_time\" content=\"2016-12-05T19:27:31+00:00\" \/>\n<meta property=\"og:image\" content=\"https:\/\/sbglaucoma2.websiteseguro.com\/paciente\/newsletter\/2015\/01-27\/logo-sbg.jpg\" \/>\n<meta name=\"author\" content=\"Ricardo\" \/>\n<meta name=\"twitter:card\" content=\"summary_large_image\" \/>\n<meta name=\"twitter:label1\" content=\"Escrito por\" \/>\n\t<meta name=\"twitter:data1\" content=\"Ricardo\" \/>\n\t<meta name=\"twitter:label2\" content=\"Est. tempo de leitura\" \/>\n\t<meta name=\"twitter:data2\" content=\"2 minutos\" \/>\n<script type=\"application\/ld+json\" class=\"yoast-schema-graph\">{\"@context\":\"https:\\\/\\\/schema.org\",\"@graph\":[{\"@type\":\"Article\",\"@id\":\"https:\\\/\\\/www.sbglaucoma.org.br\\\/paciente\\\/eleicoes-sbg-2015-diretoria-bienio-2015-2017\\\/#article\",\"isPartOf\":{\"@id\":\"https:\\\/\\\/www.sbglaucoma.org.br\\\/paciente\\\/eleicoes-sbg-2015-diretoria-bienio-2015-2017\\\/\"},\"author\":{\"name\":\"Ricardo\",\"@id\":\"https:\\\/\\\/www.sbglaucoma.org.br\\\/paciente\\\/#\\\/schema\\\/person\\\/e6624ea29d71076b9daf6ca2a992365d\"},\"headline\":\"Elei\u00e7\u00f5es SBG 2015 \u2013 Diretoria bi\u00eanio 2015 \u2013 2017\",\"datePublished\":\"2015-02-13T15:09:58+00:00\",\"dateModified\":\"2016-12-05T19:27:31+00:00\",\"mainEntityOfPage\":{\"@id\":\"https:\\\/\\\/www.sbglaucoma.org.br\\\/paciente\\\/eleicoes-sbg-2015-diretoria-bienio-2015-2017\\\/\"},\"wordCount\":347,\"commentCount\":0,\"image\":{\"@id\":\"https:\\\/\\\/www.sbglaucoma.org.br\\\/paciente\\\/eleicoes-sbg-2015-diretoria-bienio-2015-2017\\\/#primaryimage\"},\"thumbnailUrl\":\"https:\\\/\\\/www.sbglaucoma.org.br\\\/paciente\\\/newsletter\\\/2015\\\/01-27\\\/logo-sbg.jpg\",\"articleSection\":[\"Not\u00edcias\"],\"inLanguage\":\"pt-BR\",\"potentialAction\":[{\"@type\":\"CommentAction\",\"name\":\"Comment\",\"target\":[\"https:\\\/\\\/www.sbglaucoma.org.br\\\/paciente\\\/eleicoes-sbg-2015-diretoria-bienio-2015-2017\\\/#respond\"]}]},{\"@type\":\"WebPage\",\"@id\":\"https:\\\/\\\/www.sbglaucoma.org.br\\\/paciente\\\/eleicoes-sbg-2015-diretoria-bienio-2015-2017\\\/\",\"url\":\"https:\\\/\\\/www.sbglaucoma.org.br\\\/paciente\\\/eleicoes-sbg-2015-diretoria-bienio-2015-2017\\\/\",\"name\":\"Elei\u00e7\u00f5es SBG 2015 \u2013 Diretoria bi\u00eanio 2015 \u2013 2017 - SBG - Sociedade Brasileira de Glaucoma\",\"isPartOf\":{\"@id\":\"https:\\\/\\\/www.sbglaucoma.org.br\\\/paciente\\\/#website\"},\"primaryImageOfPage\":{\"@id\":\"https:\\\/\\\/www.sbglaucoma.org.br\\\/paciente\\\/eleicoes-sbg-2015-diretoria-bienio-2015-2017\\\/#primaryimage\"},\"image\":{\"@id\":\"https:\\\/\\\/www.sbglaucoma.org.br\\\/paciente\\\/eleicoes-sbg-2015-diretoria-bienio-2015-2017\\\/#primaryimage\"},\"thumbnailUrl\":\"https:\\\/\\\/www.sbglaucoma.org.br\\\/paciente\\\/newsletter\\\/2015\\\/01-27\\\/logo-sbg.jpg\",\"datePublished\":\"2015-02-13T15:09:58+00:00\",\"dateModified\":\"2016-12-05T19:27:31+00:00\",\"author\":{\"@id\":\"https:\\\/\\\/www.sbglaucoma.org.br\\\/paciente\\\/#\\\/schema\\\/person\\\/e6624ea29d71076b9daf6ca2a992365d\"},\"breadcrumb\":{\"@id\":\"https:\\\/\\\/www.sbglaucoma.org.br\\\/paciente\\\/eleicoes-sbg-2015-diretoria-bienio-2015-2017\\\/#breadcrumb\"},\"inLanguage\":\"pt-BR\",\"potentialAction\":[{\"@type\":\"ReadAction\",\"target\":[\"https:\\\/\\\/www.sbglaucoma.org.br\\\/paciente\\\/eleicoes-sbg-2015-diretoria-bienio-2015-2017\\\/\"]}]},{\"@type\":\"ImageObject\",\"inLanguage\":\"pt-BR\",\"@id\":\"https:\\\/\\\/www.sbglaucoma.org.br\\\/paciente\\\/eleicoes-sbg-2015-diretoria-bienio-2015-2017\\\/#primaryimage\",\"url\":\"https:\\\/\\\/www.sbglaucoma.org.br\\\/paciente\\\/newsletter\\\/2015\\\/01-27\\\/logo-sbg.jpg\",\"contentUrl\":\"https:\\\/\\\/www.sbglaucoma.org.br\\\/paciente\\\/newsletter\\\/2015\\\/01-27\\\/logo-sbg.jpg\"},{\"@type\":\"BreadcrumbList\",\"@id\":\"https:\\\/\\\/www.sbglaucoma.org.br\\\/paciente\\\/eleicoes-sbg-2015-diretoria-bienio-2015-2017\\\/#breadcrumb\",\"itemListElement\":[{\"@type\":\"ListItem\",\"position\":1,\"name\":\"In\u00edcio\",\"item\":\"https:\\\/\\\/www.sbglaucoma.org.br\\\/paciente\\\/\"},{\"@type\":\"ListItem\",\"position\":2,\"name\":\"Elei\u00e7\u00f5es SBG 2015 \u2013 Diretoria bi\u00eanio 2015 \u2013 2017\"}]},{\"@type\":\"WebSite\",\"@id\":\"https:\\\/\\\/www.sbglaucoma.org.br\\\/paciente\\\/#website\",\"url\":\"https:\\\/\\\/www.sbglaucoma.org.br\\\/paciente\\\/\",\"name\":\"SBG - Sociedade Brasileira de Glaucoma\",\"description\":\"\",\"potentialAction\":[{\"@type\":\"SearchAction\",\"target\":{\"@type\":\"EntryPoint\",\"urlTemplate\":\"https:\\\/\\\/www.sbglaucoma.org.br\\\/paciente\\\/?s={search_term_string}\"},\"query-input\":{\"@type\":\"PropertyValueSpecification\",\"valueRequired\":true,\"valueName\":\"search_term_string\"}}],\"inLanguage\":\"pt-BR\"},{\"@type\":\"Person\",\"@id\":\"https:\\\/\\\/www.sbglaucoma.org.br\\\/paciente\\\/#\\\/schema\\\/person\\\/e6624ea29d71076b9daf6ca2a992365d\",\"name\":\"Ricardo\",\"image\":{\"@type\":\"ImageObject\",\"inLanguage\":\"pt-BR\",\"@id\":\"https:\\\/\\\/secure.gravatar.com\\\/avatar\\\/44920876e908c0295955ee29232efe54c5c4ae3c36c5fc42ce7d3fba63ad79e4?s=96&d=mm&r=g\",\"url\":\"https:\\\/\\\/secure.gravatar.com\\\/avatar\\\/44920876e908c0295955ee29232efe54c5c4ae3c36c5fc42ce7d3fba63ad79e4?s=96&d=mm&r=g\",\"contentUrl\":\"https:\\\/\\\/secure.gravatar.com\\\/avatar\\\/44920876e908c0295955ee29232efe54c5c4ae3c36c5fc42ce7d3fba63ad79e4?s=96&d=mm&r=g\",\"caption\":\"Ricardo\"},\"url\":\"https:\\\/\\\/www.sbglaucoma.org.br\\\/paciente\\\/author\\\/ricardo\\\/\"}]}<\/script>\n<!-- \/ Yoast SEO plugin. -->","yoast_head_json":{"title":"Elei\u00e7\u00f5es SBG 2015 \u2013 Diretoria bi\u00eanio 2015 \u2013 2017 - SBG - Sociedade Brasileira de Glaucoma","robots":{"index":"index","follow":"follow","max-snippet":"max-snippet:-1","max-image-preview":"max-image-preview:large","max-video-preview":"max-video-preview:-1"},"canonical":"https:\/\/www.sbglaucoma.org.br\/paciente\/eleicoes-sbg-2015-diretoria-bienio-2015-2017\/","og_locale":"pt_BR","og_type":"article","og_title":"Elei\u00e7\u00f5es SBG 2015 \u2013 Diretoria bi\u00eanio 2015 \u2013 2017 - SBG - Sociedade Brasileira de Glaucoma","og_description":"A SBG informa que est\u00e3o abertas as inscri\u00e7\u00f5es para as elei\u00e7\u00f5es 2015, para os cargos que compor\u00e3o a diretoria para o bi\u00eanio 2015 \u2013 2017, conforme abaixo: O pleito atender\u00e1 o determinado no cap\u00edtulo IV do Estatuto Social \u2013 Elei\u00e7\u00f5es, arts. 36 a 39. O prazo para apresenta\u00e7\u00e3o da candidatura, iniciados na publica\u00e7\u00e3o deste edital [&hellip;]","og_url":"https:\/\/www.sbglaucoma.org.br\/paciente\/eleicoes-sbg-2015-diretoria-bienio-2015-2017\/","og_site_name":"SBG - Sociedade Brasileira de Glaucoma","article_published_time":"2015-02-13T15:09:58+00:00","article_modified_time":"2016-12-05T19:27:31+00:00","og_image":[{"url":"https:\/\/sbglaucoma2.websiteseguro.com\/paciente\/newsletter\/2015\/01-27\/logo-sbg.jpg","type":"","width":"","height":""}],"author":"Ricardo","twitter_card":"summary_large_image","twitter_misc":{"Escrito por":"Ricardo","Est. tempo de leitura":"2 minutos"},"schema":{"@context":"https:\/\/schema.org","@graph":[{"@type":"Article","@id":"https:\/\/www.sbglaucoma.org.br\/paciente\/eleicoes-sbg-2015-diretoria-bienio-2015-2017\/#article","isPartOf":{"@id":"https:\/\/www.sbglaucoma.org.br\/paciente\/eleicoes-sbg-2015-diretoria-bienio-2015-2017\/"},"author":{"name":"Ricardo","@id":"https:\/\/www.sbglaucoma.org.br\/paciente\/#\/schema\/person\/e6624ea29d71076b9daf6ca2a992365d"},"headline":"Elei\u00e7\u00f5es SBG 2015 \u2013 Diretoria bi\u00eanio 2015 \u2013 2017","datePublished":"2015-02-13T15:09:58+00:00","dateModified":"2016-12-05T19:27:31+00:00","mainEntityOfPage":{"@id":"https:\/\/www.sbglaucoma.org.br\/paciente\/eleicoes-sbg-2015-diretoria-bienio-2015-2017\/"},"wordCount":347,"commentCount":0,"image":{"@id":"https:\/\/www.sbglaucoma.org.br\/paciente\/eleicoes-sbg-2015-diretoria-bienio-2015-2017\/#primaryimage"},"thumbnailUrl":"https:\/\/www.sbglaucoma.org.br\/paciente\/newsletter\/2015\/01-27\/logo-sbg.jpg","articleSection":["Not\u00edcias"],"inLanguage":"pt-BR","potentialAction":[{"@type":"CommentAction","name":"Comment","target":["https:\/\/www.sbglaucoma.org.br\/paciente\/eleicoes-sbg-2015-diretoria-bienio-2015-2017\/#respond"]}]},{"@type":"WebPage","@id":"https:\/\/www.sbglaucoma.org.br\/paciente\/eleicoes-sbg-2015-diretoria-bienio-2015-2017\/","url":"https:\/\/www.sbglaucoma.org.br\/paciente\/eleicoes-sbg-2015-diretoria-bienio-2015-2017\/","name":"Elei\u00e7\u00f5es SBG 2015 \u2013 Diretoria bi\u00eanio 2015 \u2013 2017 - SBG - Sociedade Brasileira de Glaucoma","isPartOf":{"@id":"https:\/\/www.sbglaucoma.org.br\/paciente\/#website"},"primaryImageOfPage":{"@id":"https:\/\/www.sbglaucoma.org.br\/paciente\/eleicoes-sbg-2015-diretoria-bienio-2015-2017\/#primaryimage"},"image":{"@id":"https:\/\/www.sbglaucoma.org.br\/paciente\/eleicoes-sbg-2015-diretoria-bienio-2015-2017\/#primaryimage"},"thumbnailUrl":"https:\/\/www.sbglaucoma.org.br\/paciente\/newsletter\/2015\/01-27\/logo-sbg.jpg","datePublished":"2015-02-13T15:09:58+00:00","dateModified":"2016-12-05T19:27:31+00:00","author":{"@id":"https:\/\/www.sbglaucoma.org.br\/paciente\/#\/schema\/person\/e6624ea29d71076b9daf6ca2a992365d"},"breadcrumb":{"@id":"https:\/\/www.sbglaucoma.org.br\/paciente\/eleicoes-sbg-2015-diretoria-bienio-2015-2017\/#breadcrumb"},"inLanguage":"pt-BR","potentialAction":[{"@type":"ReadAction","target":["https:\/\/www.sbglaucoma.org.br\/paciente\/eleicoes-sbg-2015-diretoria-bienio-2015-2017\/"]}]},{"@type":"ImageObject","inLanguage":"pt-BR","@id":"https:\/\/www.sbglaucoma.org.br\/paciente\/eleicoes-sbg-2015-diretoria-bienio-2015-2017\/#primaryimage","url":"https:\/\/www.sbglaucoma.org.br\/paciente\/newsletter\/2015\/01-27\/logo-sbg.jpg","contentUrl":"https:\/\/www.sbglaucoma.org.br\/paciente\/newsletter\/2015\/01-27\/logo-sbg.jpg"},{"@type":"BreadcrumbList","@id":"https:\/\/www.sbglaucoma.org.br\/paciente\/eleicoes-sbg-2015-diretoria-bienio-2015-2017\/#breadcrumb","itemListElement":[{"@type":"ListItem","position":1,"name":"In\u00edcio","item":"https:\/\/www.sbglaucoma.org.br\/paciente\/"},{"@type":"ListItem","position":2,"name":"Elei\u00e7\u00f5es SBG 2015 \u2013 Diretoria bi\u00eanio 2015 \u2013 2017"}]},{"@type":"WebSite","@id":"https:\/\/www.sbglaucoma.org.br\/paciente\/#website","url":"https:\/\/www.sbglaucoma.org.br\/paciente\/","name":"SBG - Sociedade Brasileira de Glaucoma","description":"","potentialAction":[{"@type":"SearchAction","target":{"@type":"EntryPoint","urlTemplate":"https:\/\/www.sbglaucoma.org.br\/paciente\/?s={search_term_string}"},"query-input":{"@type":"PropertyValueSpecification","valueRequired":true,"valueName":"search_term_string"}}],"inLanguage":"pt-BR"},{"@type":"Person","@id":"https:\/\/www.sbglaucoma.org.br\/paciente\/#\/schema\/person\/e6624ea29d71076b9daf6ca2a992365d","name":"Ricardo","image":{"@type":"ImageObject","inLanguage":"pt-BR","@id":"https:\/\/secure.gravatar.com\/avatar\/44920876e908c0295955ee29232efe54c5c4ae3c36c5fc42ce7d3fba63ad79e4?s=96&d=mm&r=g","url":"https:\/\/secure.gravatar.com\/avatar\/44920876e908c0295955ee29232efe54c5c4ae3c36c5fc42ce7d3fba63ad79e4?s=96&d=mm&r=g","contentUrl":"https:\/\/secure.gravatar.com\/avatar\/44920876e908c0295955ee29232efe54c5c4ae3c36c5fc42ce7d3fba63ad79e4?s=96&d=mm&r=g","caption":"Ricardo"},"url":"https:\/\/www.sbglaucoma.org.br\/paciente\/author\/ricardo\/"}]}},"_links":{"self":[{"href":"https:\/\/www.sbglaucoma.org.br\/paciente\/wp-json\/wp\/v2\/posts\/1872","targetHints":{"allow":["GET"]}}],"collection":[{"href":"https:\/\/www.sbglaucoma.org.br\/paciente\/wp-json\/wp\/v2\/posts"}],"about":[{"href":"https:\/\/www.sbglaucoma.org.br\/paciente\/wp-json\/wp\/v2\/types\/post"}],"author":[{"embeddable":true,"href":"https:\/\/www.sbglaucoma.org.br\/paciente\/wp-json\/wp\/v2\/users\/1"}],"replies":[{"embeddable":true,"href":"https:\/\/www.sbglaucoma.org.br\/paciente\/wp-json\/wp\/v2\/comments?post=1872"}],"version-history":[{"count":2,"href":"https:\/\/www.sbglaucoma.org.br\/paciente\/wp-json\/wp\/v2\/posts\/1872\/revisions"}],"predecessor-version":[{"id":4524,"href":"https:\/\/www.sbglaucoma.org.br\/paciente\/wp-json\/wp\/v2\/posts\/1872\/revisions\/4524"}],"wp:attachment":[{"href":"https:\/\/www.sbglaucoma.org.br\/paciente\/wp-json\/wp\/v2\/media?parent=1872"}],"wp:term":[{"taxonomy":"category","embeddable":true,"href":"https:\/\/www.sbglaucoma.org.br\/paciente\/wp-json\/wp\/v2\/categories?post=1872"},{"taxonomy":"post_tag","embeddable":true,"href":"https:\/\/www.sbglaucoma.org.br\/paciente\/wp-json\/wp\/v2\/tags?post=1872"}],"curies":[{"name":"wp","href":"https:\/\/api.w.org\/{rel}","templated":true}]}}