{"id":7508,"date":"2019-09-04T12:49:57","date_gmt":"2019-09-04T15:49:57","guid":{"rendered":"https:\/\/sbglaucoma2.websiteseguro.com\/medico\/?p=7508"},"modified":"2019-09-04T16:26:54","modified_gmt":"2019-09-04T19:26:54","slug":"4a-premiacao-jovem-pesquisador-em-glaucoma-da-sbg-anuncio-do-ganhador","status":"publish","type":"post","link":"https:\/\/www.sbglaucoma.org.br\/medico\/4a-premiacao-jovem-pesquisador-em-glaucoma-da-sbg-anuncio-do-ganhador\/","title":{"rendered":"4\u00aa Premia\u00e7\u00e3o Jovem Pesquisador em Glaucoma da SBG &#8211; An\u00fancio do Ganhador"},"content":{"rendered":"<p>Durante o 62\u00ba Congresso do CBO no Rio de Janeiro, os participantes selecionados por nossa comiss\u00e3o julgadora realizaram a apresenta\u00e7\u00e3o de seus trabalhos. Ap\u00f3s as apresenta\u00e7\u00f5es, a presidente da Sociedade Brasileira de Glaucoma, Dr\u00aa Wilma Lelis, anunciou as coloca\u00e7\u00f5es dos vencedores do <em><strong>4\u00ba Premia\u00e7\u00e3o Jovem Pesquisador em Glaucoma<\/strong><\/em>, que foram as seguintes:<\/p>\n<p style=\"text-align: center;\">1\u00ba lugar: Dr. Leonardo Seidi Shigueoka<br \/>\n2\u00ba lugar: Dr. Alexis Galeno Matos<\/p>\n<p>Agradecemos a participa\u00e7\u00e3o de nossa comiss\u00e3o julgadora, dos participantes e \u00e0 Ofta, apoiadora do evento, pela parceria e participa\u00e7\u00e3o.<\/p>\n<hr \/>\n\n\t\t<style type=\"text\/css\">\n\t\t\t#gallery-1 {\n\t\t\t\tmargin: auto;\n\t\t\t}\n\t\t\t#gallery-1 .gallery-item {\n\t\t\t\tfloat: left;\n\t\t\t\tmargin-top: 10px;\n\t\t\t\ttext-align: center;\n\t\t\t\twidth: 33%;\n\t\t\t}\n\t\t\t#gallery-1 img {\n\t\t\t\tborder: 2px solid #cfcfcf;\n\t\t\t}\n\t\t\t#gallery-1 .gallery-caption {\n\t\t\t\tmargin-left: 0;\n\t\t\t}\n\t\t\t\/* see gallery_shortcode() in wp-includes\/media.php *\/\n\t\t<\/style>\n\t\t<div id='gallery-1' class='gallery galleryid-7508 gallery-columns-3 gallery-size-medium'><dl class='gallery-item'>\n\t\t\t<dt class='gallery-icon portrait'>\n\t\t\t\t<a href='https:\/\/www.sbglaucoma.org.br\/medico\/4a-premiacao-jovem-pesquisador-em-glaucoma-da-sbg-anuncio-do-ganhador\/whatsapp-image-2019-09-04-at-11-46-13-1\/'><img loading=\"lazy\" decoding=\"async\" width=\"146\" height=\"300\" src=\"https:\/\/www.sbglaucoma.org.br\/medico\/wp-content\/uploads\/2019\/09\/WhatsApp-Image-2019-09-04-at-11.46.13-1-146x300.jpeg\" class=\"attachment-medium size-medium\" alt=\"\" srcset=\"https:\/\/www.sbglaucoma.org.br\/medico\/wp-content\/uploads\/2019\/09\/WhatsApp-Image-2019-09-04-at-11.46.13-1-146x300.jpeg 146w, https:\/\/www.sbglaucoma.org.br\/medico\/wp-content\/uploads\/2019\/09\/WhatsApp-Image-2019-09-04-at-11.46.13-1-498x1024.jpeg 498w, https:\/\/www.sbglaucoma.org.br\/medico\/wp-content\/uploads\/2019\/09\/WhatsApp-Image-2019-09-04-at-11.46.13-1.jpeg 622w\" sizes=\"auto, (max-width: 146px) 100vw, 146px\" \/><\/a>\n\t\t\t<\/dt><\/dl><dl class='gallery-item'>\n\t\t\t<dt class='gallery-icon landscape'>\n\t\t\t\t<a href='https:\/\/www.sbglaucoma.org.br\/medico\/4a-premiacao-jovem-pesquisador-em-glaucoma-da-sbg-anuncio-do-ganhador\/whatsapp-image-2019-09-04-at-11-45-53\/'><img loading=\"lazy\" decoding=\"async\" width=\"300\" height=\"146\" src=\"https:\/\/www.sbglaucoma.org.br\/medico\/wp-content\/uploads\/2019\/09\/WhatsApp-Image-2019-09-04-at-11.45.53-300x146.jpeg\" class=\"attachment-medium size-medium\" alt=\"\" srcset=\"https:\/\/www.sbglaucoma.org.br\/medico\/wp-content\/uploads\/2019\/09\/WhatsApp-Image-2019-09-04-at-11.45.53-300x146.jpeg 300w, https:\/\/www.sbglaucoma.org.br\/medico\/wp-content\/uploads\/2019\/09\/WhatsApp-Image-2019-09-04-at-11.45.53-768x373.jpeg 768w, https:\/\/www.sbglaucoma.org.br\/medico\/wp-content\/uploads\/2019\/09\/WhatsApp-Image-2019-09-04-at-11.45.53-1024x498.jpeg 1024w, https:\/\/www.sbglaucoma.org.br\/medico\/wp-content\/uploads\/2019\/09\/WhatsApp-Image-2019-09-04-at-11.45.53.jpeg 1280w\" sizes=\"auto, (max-width: 300px) 100vw, 300px\" \/><\/a>\n\t\t\t<\/dt><\/dl><dl class='gallery-item'>\n\t\t\t<dt class='gallery-icon portrait'>\n\t\t\t\t<a href='https:\/\/www.sbglaucoma.org.br\/medico\/4a-premiacao-jovem-pesquisador-em-glaucoma-da-sbg-anuncio-do-ganhador\/whatsapp-image-2019-09-04-at-11-46-0502\/'><img loading=\"lazy\" decoding=\"async\" width=\"300\" height=\"300\" src=\"https:\/\/www.sbglaucoma.org.br\/medico\/wp-content\/uploads\/2019\/09\/WhatsApp-Image-2019-09-04-at-11.46.0502-300x300.jpeg\" class=\"attachment-medium size-medium\" alt=\"\" srcset=\"https:\/\/www.sbglaucoma.org.br\/medico\/wp-content\/uploads\/2019\/09\/WhatsApp-Image-2019-09-04-at-11.46.0502-300x300.jpeg 300w, https:\/\/www.sbglaucoma.org.br\/medico\/wp-content\/uploads\/2019\/09\/WhatsApp-Image-2019-09-04-at-11.46.0502-150x150.jpeg 150w, https:\/\/www.sbglaucoma.org.br\/medico\/wp-content\/uploads\/2019\/09\/WhatsApp-Image-2019-09-04-at-11.46.0502.jpeg 621w\" sizes=\"auto, (max-width: 300px) 100vw, 300px\" \/><\/a>\n\t\t\t<\/dt><\/dl><br style=\"clear: both\" \/><dl class='gallery-item'>\n\t\t\t<dt class='gallery-icon portrait'>\n\t\t\t\t<a href='https:\/\/www.sbglaucoma.org.br\/medico\/4a-premiacao-jovem-pesquisador-em-glaucoma-da-sbg-anuncio-do-ganhador\/whatsapp-image-2019-09-04-at-11-46-14\/'><img loading=\"lazy\" decoding=\"async\" width=\"146\" height=\"300\" src=\"https:\/\/www.sbglaucoma.org.br\/medico\/wp-content\/uploads\/2019\/09\/WhatsApp-Image-2019-09-04-at-11.46.14-146x300.jpeg\" class=\"attachment-medium size-medium\" alt=\"\" srcset=\"https:\/\/www.sbglaucoma.org.br\/medico\/wp-content\/uploads\/2019\/09\/WhatsApp-Image-2019-09-04-at-11.46.14-146x300.jpeg 146w, https:\/\/www.sbglaucoma.org.br\/medico\/wp-content\/uploads\/2019\/09\/WhatsApp-Image-2019-09-04-at-11.46.14-498x1024.jpeg 498w, https:\/\/www.sbglaucoma.org.br\/medico\/wp-content\/uploads\/2019\/09\/WhatsApp-Image-2019-09-04-at-11.46.14.jpeg 622w\" sizes=\"auto, (max-width: 146px) 100vw, 146px\" \/><\/a>\n\t\t\t<\/dt><\/dl><dl class='gallery-item'>\n\t\t\t<dt class='gallery-icon portrait'>\n\t\t\t\t<a href='https:\/\/www.sbglaucoma.org.br\/medico\/4a-premiacao-jovem-pesquisador-em-glaucoma-da-sbg-anuncio-do-ganhador\/whatsapp-image-2019-09-04-at-11-45-55\/'><img loading=\"lazy\" decoding=\"async\" width=\"146\" height=\"300\" src=\"https:\/\/www.sbglaucoma.org.br\/medico\/wp-content\/uploads\/2019\/09\/WhatsApp-Image-2019-09-04-at-11.45.55-146x300.jpeg\" class=\"attachment-medium size-medium\" alt=\"\" srcset=\"https:\/\/www.sbglaucoma.org.br\/medico\/wp-content\/uploads\/2019\/09\/WhatsApp-Image-2019-09-04-at-11.45.55-146x300.jpeg 146w, https:\/\/www.sbglaucoma.org.br\/medico\/wp-content\/uploads\/2019\/09\/WhatsApp-Image-2019-09-04-at-11.45.55-498x1024.jpeg 498w, https:\/\/www.sbglaucoma.org.br\/medico\/wp-content\/uploads\/2019\/09\/WhatsApp-Image-2019-09-04-at-11.45.55.jpeg 622w\" sizes=\"auto, (max-width: 146px) 100vw, 146px\" \/><\/a>\n\t\t\t<\/dt><\/dl><dl class='gallery-item'>\n\t\t\t<dt class='gallery-icon portrait'>\n\t\t\t\t<a href='https:\/\/www.sbglaucoma.org.br\/medico\/4a-premiacao-jovem-pesquisador-em-glaucoma-da-sbg-anuncio-do-ganhador\/whatsapp-image-2019-09-04-at-11-46-13\/'><img loading=\"lazy\" decoding=\"async\" width=\"146\" height=\"300\" src=\"https:\/\/www.sbglaucoma.org.br\/medico\/wp-content\/uploads\/2019\/09\/WhatsApp-Image-2019-09-04-at-11.46.13-146x300.jpeg\" class=\"attachment-medium size-medium\" alt=\"\" srcset=\"https:\/\/www.sbglaucoma.org.br\/medico\/wp-content\/uploads\/2019\/09\/WhatsApp-Image-2019-09-04-at-11.46.13-146x300.jpeg 146w, https:\/\/www.sbglaucoma.org.br\/medico\/wp-content\/uploads\/2019\/09\/WhatsApp-Image-2019-09-04-at-11.46.13-498x1024.jpeg 498w, https:\/\/www.sbglaucoma.org.br\/medico\/wp-content\/uploads\/2019\/09\/WhatsApp-Image-2019-09-04-at-11.46.13.jpeg 622w\" sizes=\"auto, (max-width: 146px) 100vw, 146px\" \/><\/a>\n\t\t\t<\/dt><\/dl><br style=\"clear: both\" \/><dl class='gallery-item'>\n\t\t\t<dt class='gallery-icon landscape'>\n\t\t\t\t<a href='https:\/\/www.sbglaucoma.org.br\/medico\/4a-premiacao-jovem-pesquisador-em-glaucoma-da-sbg-anuncio-do-ganhador\/whatsapp-image-2019-09-04-at-11-46-09\/'><img loading=\"lazy\" decoding=\"async\" width=\"300\" height=\"146\" src=\"https:\/\/www.sbglaucoma.org.br\/medico\/wp-content\/uploads\/2019\/09\/WhatsApp-Image-2019-09-04-at-11.46.09-300x146.jpeg\" class=\"attachment-medium size-medium\" alt=\"\" srcset=\"https:\/\/www.sbglaucoma.org.br\/medico\/wp-content\/uploads\/2019\/09\/WhatsApp-Image-2019-09-04-at-11.46.09-300x146.jpeg 300w, https:\/\/www.sbglaucoma.org.br\/medico\/wp-content\/uploads\/2019\/09\/WhatsApp-Image-2019-09-04-at-11.46.09-768x373.jpeg 768w, https:\/\/www.sbglaucoma.org.br\/medico\/wp-content\/uploads\/2019\/09\/WhatsApp-Image-2019-09-04-at-11.46.09-1024x498.jpeg 1024w, https:\/\/www.sbglaucoma.org.br\/medico\/wp-content\/uploads\/2019\/09\/WhatsApp-Image-2019-09-04-at-11.46.09.jpeg 1280w\" sizes=\"auto, (max-width: 300px) 100vw, 300px\" \/><\/a>\n\t\t\t<\/dt><\/dl><dl class='gallery-item'>\n\t\t\t<dt class='gallery-icon landscape'>\n\t\t\t\t<a href='https:\/\/www.sbglaucoma.org.br\/medico\/4a-premiacao-jovem-pesquisador-em-glaucoma-da-sbg-anuncio-do-ganhador\/whatsapp-image-2019-09-04-at-11-46-15\/'><img loading=\"lazy\" decoding=\"async\" width=\"300\" height=\"146\" src=\"https:\/\/www.sbglaucoma.org.br\/medico\/wp-content\/uploads\/2019\/09\/WhatsApp-Image-2019-09-04-at-11.46.15-300x146.jpeg\" class=\"attachment-medium size-medium\" alt=\"\" srcset=\"https:\/\/www.sbglaucoma.org.br\/medico\/wp-content\/uploads\/2019\/09\/WhatsApp-Image-2019-09-04-at-11.46.15-300x146.jpeg 300w, https:\/\/www.sbglaucoma.org.br\/medico\/wp-content\/uploads\/2019\/09\/WhatsApp-Image-2019-09-04-at-11.46.15-768x373.jpeg 768w, https:\/\/www.sbglaucoma.org.br\/medico\/wp-content\/uploads\/2019\/09\/WhatsApp-Image-2019-09-04-at-11.46.15-1024x498.jpeg 1024w, https:\/\/www.sbglaucoma.org.br\/medico\/wp-content\/uploads\/2019\/09\/WhatsApp-Image-2019-09-04-at-11.46.15.jpeg 1280w\" sizes=\"auto, (max-width: 300px) 100vw, 300px\" \/><\/a>\n\t\t\t<\/dt><\/dl>\n\t\t\t<br style='clear: both' \/>\n\t\t<\/div>\n\n","protected":false},"excerpt":{"rendered":"<p>Durante o 62\u00ba Congresso do CBO no Rio de Janeiro, os participantes selecionados por nossa comiss\u00e3o julgadora realizaram a apresenta\u00e7\u00e3o de seus trabalhos. Ap\u00f3s as apresenta\u00e7\u00f5es, a presidente da Sociedade Brasileira de Glaucoma, Dr\u00aa Wilma Lelis, anunciou as coloca\u00e7\u00f5es dos vencedores do 4\u00ba Premia\u00e7\u00e3o Jovem Pesquisador em Glaucoma, que foram as seguintes: 1\u00ba lugar: Dr. [&hellip;]<\/p>\n","protected":false},"author":1,"featured_media":0,"comment_status":"open","ping_status":"open","sticky":false,"template":"","format":"standard","meta":{"_acf_changed":false,"_joinchat":[],"footnotes":""},"categories":[44],"tags":[],"class_list":["post-7508","post","type-post","status-publish","format-standard","hentry","category-noticias"],"acf":[],"yoast_head":"<!-- This site is optimized with the Yoast SEO plugin v27.5 - https:\/\/yoast.com\/product\/yoast-seo-wordpress\/ -->\n<title>4\u00aa Premia\u00e7\u00e3o Jovem Pesquisador em Glaucoma da SBG - An\u00fancio do Ganhador - SBG - Sociedade Brasileira de Glaucoma<\/title>\n<meta name=\"robots\" content=\"index, follow, max-snippet:-1, max-image-preview:large, max-video-preview:-1\" \/>\n<link rel=\"canonical\" href=\"https:\/\/www.sbglaucoma.org.br\/medico\/4a-premiacao-jovem-pesquisador-em-glaucoma-da-sbg-anuncio-do-ganhador\/\" \/>\n<meta property=\"og:locale\" content=\"pt_BR\" \/>\n<meta property=\"og:type\" content=\"article\" \/>\n<meta property=\"og:title\" content=\"4\u00aa Premia\u00e7\u00e3o Jovem Pesquisador em Glaucoma da SBG - An\u00fancio do Ganhador - SBG - Sociedade Brasileira de Glaucoma\" \/>\n<meta property=\"og:description\" content=\"Durante o 62\u00ba Congresso do CBO no Rio de Janeiro, os participantes selecionados por nossa comiss\u00e3o julgadora realizaram a apresenta\u00e7\u00e3o de seus trabalhos. Ap\u00f3s as apresenta\u00e7\u00f5es, a presidente da Sociedade Brasileira de Glaucoma, Dr\u00aa Wilma Lelis, anunciou as coloca\u00e7\u00f5es dos vencedores do 4\u00ba Premia\u00e7\u00e3o Jovem Pesquisador em Glaucoma, que foram as seguintes: 1\u00ba lugar: Dr. [&hellip;]\" \/>\n<meta property=\"og:url\" content=\"https:\/\/www.sbglaucoma.org.br\/medico\/4a-premiacao-jovem-pesquisador-em-glaucoma-da-sbg-anuncio-do-ganhador\/\" \/>\n<meta property=\"og:site_name\" content=\"SBG - Sociedade Brasileira de Glaucoma\" \/>\n<meta property=\"article:published_time\" content=\"2019-09-04T15:49:57+00:00\" \/>\n<meta property=\"article:modified_time\" content=\"2019-09-04T19:26:54+00:00\" \/>\n<meta property=\"og:image\" content=\"https:\/\/www.sbglaucoma.org.br\/medico\/wp-content\/uploads\/2019\/09\/WhatsApp-Image-2019-09-04-at-11.46.13-1-146x300.jpeg\" \/>\n<meta name=\"author\" content=\"Ricardo\" \/>\n<meta name=\"twitter:card\" content=\"summary_large_image\" \/>\n<meta name=\"twitter:label1\" content=\"Escrito por\" \/>\n\t<meta name=\"twitter:data1\" content=\"Ricardo\" \/>\n<script type=\"application\/ld+json\" class=\"yoast-schema-graph\">{\"@context\":\"https:\\\/\\\/schema.org\",\"@graph\":[{\"@type\":\"Article\",\"@id\":\"https:\\\/\\\/www.sbglaucoma.org.br\\\/medico\\\/4a-premiacao-jovem-pesquisador-em-glaucoma-da-sbg-anuncio-do-ganhador\\\/#article\",\"isPartOf\":{\"@id\":\"https:\\\/\\\/www.sbglaucoma.org.br\\\/medico\\\/4a-premiacao-jovem-pesquisador-em-glaucoma-da-sbg-anuncio-do-ganhador\\\/\"},\"author\":{\"name\":\"Ricardo\",\"@id\":\"https:\\\/\\\/www.sbglaucoma.org.br\\\/medico\\\/#\\\/schema\\\/person\\\/3b5653b1267e6a6d05de21f0ebd8e3c2\"},\"headline\":\"4\u00aa Premia\u00e7\u00e3o Jovem Pesquisador em Glaucoma da SBG &#8211; An\u00fancio do Ganhador\",\"datePublished\":\"2019-09-04T15:49:57+00:00\",\"dateModified\":\"2019-09-04T19:26:54+00:00\",\"mainEntityOfPage\":{\"@id\":\"https:\\\/\\\/www.sbglaucoma.org.br\\\/medico\\\/4a-premiacao-jovem-pesquisador-em-glaucoma-da-sbg-anuncio-do-ganhador\\\/\"},\"wordCount\":104,\"commentCount\":0,\"articleSection\":[\"Not\u00edcias\"],\"inLanguage\":\"pt-BR\",\"potentialAction\":[{\"@type\":\"CommentAction\",\"name\":\"Comment\",\"target\":[\"https:\\\/\\\/www.sbglaucoma.org.br\\\/medico\\\/4a-premiacao-jovem-pesquisador-em-glaucoma-da-sbg-anuncio-do-ganhador\\\/#respond\"]}]},{\"@type\":\"WebPage\",\"@id\":\"https:\\\/\\\/www.sbglaucoma.org.br\\\/medico\\\/4a-premiacao-jovem-pesquisador-em-glaucoma-da-sbg-anuncio-do-ganhador\\\/\",\"url\":\"https:\\\/\\\/www.sbglaucoma.org.br\\\/medico\\\/4a-premiacao-jovem-pesquisador-em-glaucoma-da-sbg-anuncio-do-ganhador\\\/\",\"name\":\"4\u00aa Premia\u00e7\u00e3o Jovem Pesquisador em Glaucoma da SBG - An\u00fancio do Ganhador - SBG - Sociedade Brasileira de Glaucoma\",\"isPartOf\":{\"@id\":\"https:\\\/\\\/www.sbglaucoma.org.br\\\/medico\\\/#website\"},\"datePublished\":\"2019-09-04T15:49:57+00:00\",\"dateModified\":\"2019-09-04T19:26:54+00:00\",\"author\":{\"@id\":\"https:\\\/\\\/www.sbglaucoma.org.br\\\/medico\\\/#\\\/schema\\\/person\\\/3b5653b1267e6a6d05de21f0ebd8e3c2\"},\"breadcrumb\":{\"@id\":\"https:\\\/\\\/www.sbglaucoma.org.br\\\/medico\\\/4a-premiacao-jovem-pesquisador-em-glaucoma-da-sbg-anuncio-do-ganhador\\\/#breadcrumb\"},\"inLanguage\":\"pt-BR\",\"potentialAction\":[{\"@type\":\"ReadAction\",\"target\":[\"https:\\\/\\\/www.sbglaucoma.org.br\\\/medico\\\/4a-premiacao-jovem-pesquisador-em-glaucoma-da-sbg-anuncio-do-ganhador\\\/\"]}]},{\"@type\":\"BreadcrumbList\",\"@id\":\"https:\\\/\\\/www.sbglaucoma.org.br\\\/medico\\\/4a-premiacao-jovem-pesquisador-em-glaucoma-da-sbg-anuncio-do-ganhador\\\/#breadcrumb\",\"itemListElement\":[{\"@type\":\"ListItem\",\"position\":1,\"name\":\"In\u00edcio\",\"item\":\"https:\\\/\\\/www.sbglaucoma.org.br\\\/medico\\\/\"},{\"@type\":\"ListItem\",\"position\":2,\"name\":\"4\u00aa Premia\u00e7\u00e3o Jovem Pesquisador em Glaucoma da SBG &#8211; An\u00fancio do Ganhador\"}]},{\"@type\":\"WebSite\",\"@id\":\"https:\\\/\\\/www.sbglaucoma.org.br\\\/medico\\\/#website\",\"url\":\"https:\\\/\\\/www.sbglaucoma.org.br\\\/medico\\\/\",\"name\":\"SBG - Sociedade Brasileira de Glaucoma\",\"description\":\"\",\"potentialAction\":[{\"@type\":\"SearchAction\",\"target\":{\"@type\":\"EntryPoint\",\"urlTemplate\":\"https:\\\/\\\/www.sbglaucoma.org.br\\\/medico\\\/?s={search_term_string}\"},\"query-input\":{\"@type\":\"PropertyValueSpecification\",\"valueRequired\":true,\"valueName\":\"search_term_string\"}}],\"inLanguage\":\"pt-BR\"},{\"@type\":\"Person\",\"@id\":\"https:\\\/\\\/www.sbglaucoma.org.br\\\/medico\\\/#\\\/schema\\\/person\\\/3b5653b1267e6a6d05de21f0ebd8e3c2\",\"name\":\"Ricardo\",\"image\":{\"@type\":\"ImageObject\",\"inLanguage\":\"pt-BR\",\"@id\":\"https:\\\/\\\/secure.gravatar.com\\\/avatar\\\/44920876e908c0295955ee29232efe54c5c4ae3c36c5fc42ce7d3fba63ad79e4?s=96&d=mm&r=g\",\"url\":\"https:\\\/\\\/secure.gravatar.com\\\/avatar\\\/44920876e908c0295955ee29232efe54c5c4ae3c36c5fc42ce7d3fba63ad79e4?s=96&d=mm&r=g\",\"contentUrl\":\"https:\\\/\\\/secure.gravatar.com\\\/avatar\\\/44920876e908c0295955ee29232efe54c5c4ae3c36c5fc42ce7d3fba63ad79e4?s=96&d=mm&r=g\",\"caption\":\"Ricardo\"},\"url\":\"https:\\\/\\\/www.sbglaucoma.org.br\\\/medico\\\/author\\\/ricardo\\\/\"}]}<\/script>\n<!-- \/ Yoast SEO plugin. -->","yoast_head_json":{"title":"4\u00aa Premia\u00e7\u00e3o Jovem Pesquisador em Glaucoma da SBG - An\u00fancio do Ganhador - SBG - Sociedade Brasileira de Glaucoma","robots":{"index":"index","follow":"follow","max-snippet":"max-snippet:-1","max-image-preview":"max-image-preview:large","max-video-preview":"max-video-preview:-1"},"canonical":"https:\/\/www.sbglaucoma.org.br\/medico\/4a-premiacao-jovem-pesquisador-em-glaucoma-da-sbg-anuncio-do-ganhador\/","og_locale":"pt_BR","og_type":"article","og_title":"4\u00aa Premia\u00e7\u00e3o Jovem Pesquisador em Glaucoma da SBG - An\u00fancio do Ganhador - SBG - Sociedade Brasileira de Glaucoma","og_description":"Durante o 62\u00ba Congresso do CBO no Rio de Janeiro, os participantes selecionados por nossa comiss\u00e3o julgadora realizaram a apresenta\u00e7\u00e3o de seus trabalhos. Ap\u00f3s as apresenta\u00e7\u00f5es, a presidente da Sociedade Brasileira de Glaucoma, Dr\u00aa Wilma Lelis, anunciou as coloca\u00e7\u00f5es dos vencedores do 4\u00ba Premia\u00e7\u00e3o Jovem Pesquisador em Glaucoma, que foram as seguintes: 1\u00ba lugar: Dr. [&hellip;]","og_url":"https:\/\/www.sbglaucoma.org.br\/medico\/4a-premiacao-jovem-pesquisador-em-glaucoma-da-sbg-anuncio-do-ganhador\/","og_site_name":"SBG - Sociedade Brasileira de Glaucoma","article_published_time":"2019-09-04T15:49:57+00:00","article_modified_time":"2019-09-04T19:26:54+00:00","og_image":[{"url":"https:\/\/www.sbglaucoma.org.br\/medico\/wp-content\/uploads\/2019\/09\/WhatsApp-Image-2019-09-04-at-11.46.13-1-146x300.jpeg","type":"","width":"","height":""}],"author":"Ricardo","twitter_card":"summary_large_image","twitter_misc":{"Escrito por":"Ricardo"},"schema":{"@context":"https:\/\/schema.org","@graph":[{"@type":"Article","@id":"https:\/\/www.sbglaucoma.org.br\/medico\/4a-premiacao-jovem-pesquisador-em-glaucoma-da-sbg-anuncio-do-ganhador\/#article","isPartOf":{"@id":"https:\/\/www.sbglaucoma.org.br\/medico\/4a-premiacao-jovem-pesquisador-em-glaucoma-da-sbg-anuncio-do-ganhador\/"},"author":{"name":"Ricardo","@id":"https:\/\/www.sbglaucoma.org.br\/medico\/#\/schema\/person\/3b5653b1267e6a6d05de21f0ebd8e3c2"},"headline":"4\u00aa Premia\u00e7\u00e3o Jovem Pesquisador em Glaucoma da SBG &#8211; An\u00fancio do Ganhador","datePublished":"2019-09-04T15:49:57+00:00","dateModified":"2019-09-04T19:26:54+00:00","mainEntityOfPage":{"@id":"https:\/\/www.sbglaucoma.org.br\/medico\/4a-premiacao-jovem-pesquisador-em-glaucoma-da-sbg-anuncio-do-ganhador\/"},"wordCount":104,"commentCount":0,"articleSection":["Not\u00edcias"],"inLanguage":"pt-BR","potentialAction":[{"@type":"CommentAction","name":"Comment","target":["https:\/\/www.sbglaucoma.org.br\/medico\/4a-premiacao-jovem-pesquisador-em-glaucoma-da-sbg-anuncio-do-ganhador\/#respond"]}]},{"@type":"WebPage","@id":"https:\/\/www.sbglaucoma.org.br\/medico\/4a-premiacao-jovem-pesquisador-em-glaucoma-da-sbg-anuncio-do-ganhador\/","url":"https:\/\/www.sbglaucoma.org.br\/medico\/4a-premiacao-jovem-pesquisador-em-glaucoma-da-sbg-anuncio-do-ganhador\/","name":"4\u00aa Premia\u00e7\u00e3o Jovem Pesquisador em Glaucoma da SBG - An\u00fancio do Ganhador - SBG - Sociedade Brasileira de Glaucoma","isPartOf":{"@id":"https:\/\/www.sbglaucoma.org.br\/medico\/#website"},"datePublished":"2019-09-04T15:49:57+00:00","dateModified":"2019-09-04T19:26:54+00:00","author":{"@id":"https:\/\/www.sbglaucoma.org.br\/medico\/#\/schema\/person\/3b5653b1267e6a6d05de21f0ebd8e3c2"},"breadcrumb":{"@id":"https:\/\/www.sbglaucoma.org.br\/medico\/4a-premiacao-jovem-pesquisador-em-glaucoma-da-sbg-anuncio-do-ganhador\/#breadcrumb"},"inLanguage":"pt-BR","potentialAction":[{"@type":"ReadAction","target":["https:\/\/www.sbglaucoma.org.br\/medico\/4a-premiacao-jovem-pesquisador-em-glaucoma-da-sbg-anuncio-do-ganhador\/"]}]},{"@type":"BreadcrumbList","@id":"https:\/\/www.sbglaucoma.org.br\/medico\/4a-premiacao-jovem-pesquisador-em-glaucoma-da-sbg-anuncio-do-ganhador\/#breadcrumb","itemListElement":[{"@type":"ListItem","position":1,"name":"In\u00edcio","item":"https:\/\/www.sbglaucoma.org.br\/medico\/"},{"@type":"ListItem","position":2,"name":"4\u00aa Premia\u00e7\u00e3o Jovem Pesquisador em Glaucoma da SBG &#8211; An\u00fancio do Ganhador"}]},{"@type":"WebSite","@id":"https:\/\/www.sbglaucoma.org.br\/medico\/#website","url":"https:\/\/www.sbglaucoma.org.br\/medico\/","name":"SBG - Sociedade Brasileira de Glaucoma","description":"","potentialAction":[{"@type":"SearchAction","target":{"@type":"EntryPoint","urlTemplate":"https:\/\/www.sbglaucoma.org.br\/medico\/?s={search_term_string}"},"query-input":{"@type":"PropertyValueSpecification","valueRequired":true,"valueName":"search_term_string"}}],"inLanguage":"pt-BR"},{"@type":"Person","@id":"https:\/\/www.sbglaucoma.org.br\/medico\/#\/schema\/person\/3b5653b1267e6a6d05de21f0ebd8e3c2","name":"Ricardo","image":{"@type":"ImageObject","inLanguage":"pt-BR","@id":"https:\/\/secure.gravatar.com\/avatar\/44920876e908c0295955ee29232efe54c5c4ae3c36c5fc42ce7d3fba63ad79e4?s=96&d=mm&r=g","url":"https:\/\/secure.gravatar.com\/avatar\/44920876e908c0295955ee29232efe54c5c4ae3c36c5fc42ce7d3fba63ad79e4?s=96&d=mm&r=g","contentUrl":"https:\/\/secure.gravatar.com\/avatar\/44920876e908c0295955ee29232efe54c5c4ae3c36c5fc42ce7d3fba63ad79e4?s=96&d=mm&r=g","caption":"Ricardo"},"url":"https:\/\/www.sbglaucoma.org.br\/medico\/author\/ricardo\/"}]}},"_links":{"self":[{"href":"https:\/\/www.sbglaucoma.org.br\/medico\/wp-json\/wp\/v2\/posts\/7508","targetHints":{"allow":["GET"]}}],"collection":[{"href":"https:\/\/www.sbglaucoma.org.br\/medico\/wp-json\/wp\/v2\/posts"}],"about":[{"href":"https:\/\/www.sbglaucoma.org.br\/medico\/wp-json\/wp\/v2\/types\/post"}],"author":[{"embeddable":true,"href":"https:\/\/www.sbglaucoma.org.br\/medico\/wp-json\/wp\/v2\/users\/1"}],"replies":[{"embeddable":true,"href":"https:\/\/www.sbglaucoma.org.br\/medico\/wp-json\/wp\/v2\/comments?post=7508"}],"version-history":[{"count":3,"href":"https:\/\/www.sbglaucoma.org.br\/medico\/wp-json\/wp\/v2\/posts\/7508\/revisions"}],"predecessor-version":[{"id":7519,"href":"https:\/\/www.sbglaucoma.org.br\/medico\/wp-json\/wp\/v2\/posts\/7508\/revisions\/7519"}],"wp:attachment":[{"href":"https:\/\/www.sbglaucoma.org.br\/medico\/wp-json\/wp\/v2\/media?parent=7508"}],"wp:term":[{"taxonomy":"category","embeddable":true,"href":"https:\/\/www.sbglaucoma.org.br\/medico\/wp-json\/wp\/v2\/categories?post=7508"},{"taxonomy":"post_tag","embeddable":true,"href":"https:\/\/www.sbglaucoma.org.br\/medico\/wp-json\/wp\/v2\/tags?post=7508"}],"curies":[{"name":"wp","href":"https:\/\/api.w.org\/{rel}","templated":true}]}}