{"id":6490,"date":"2019-08-09T11:47:24","date_gmt":"2019-08-09T14:47:24","guid":{"rendered":"https:\/\/sbglaucoma2.websiteseguro.com\/medico\/?p=6490"},"modified":"2019-08-09T14:21:20","modified_gmt":"2019-08-09T17:21:20","slug":"fotos-simposio-sbg-2019","status":"publish","type":"post","link":"https:\/\/www.sbglaucoma.org.br\/medico\/fotos-simposio-sbg-2019\/","title":{"rendered":"Fotos Simp\u00f3sio SBG 2019"},"content":{"rendered":"<p style=\"text-align: center;\">Aconteceu entre os dias 22 e 25 de Maio de 2019 o <strong>XVIII Simp\u00f3sio Internacional da Sociedade Brasileira de Glaucoma<\/strong> e a seguir voc\u00ea confere as fotos desse evento que contou com a participa\u00e7\u00e3o de convidados internacionais e nacionais.<\/p>\n<p style=\"text-align: center;\"><strong><a class=\"btnPad\" href=\"https:\/\/sbglaucoma.org.br\/medico\/dia-22-de-maio\/\" target=\"_blank\">Dia 22\/05 &#8211; Pr\u00e9-congresso<\/a>\u00a0 \u00a0<\/strong><strong><a class=\"btnPad\" href=\"https:\/\/sbglaucoma.org.br\/medico\/dia-23-de-maio-de-2019\" target=\"_blank\">Dia 23\/05 &#8211; 1\u00ba dia do XVIII Simp\u00f3sio Internacional da SBG<\/a>\u00a0 \u00a0<\/strong><\/p>\n<p style=\"text-align: center;\"><strong><a class=\"btnPad\" href=\"https:\/\/sbglaucoma.org.br\/medico\/dia-24-de-maio-de-2019\" target=\"_blank\">Dia 24\/05 &#8211; 2\u00ba dia do XVIII Simp\u00f3sio Internacional da SBG<\/a>\u00a0 \u00a0<\/strong><a class=\"btnPad\" href=\"https:\/\/sbglaucoma.org.br\/medico\/dia-25-de-maio-de-2019\" target=\"_blank\"><strong>Dia 25\/05 &#8211; 3\u00ba dia do XVIII Simp\u00f3sio Internacional da SBG<\/strong><\/a><\/p>\n","protected":false},"excerpt":{"rendered":"<p>Aconteceu entre os dias 22 e 25 de Maio de 2019 o XVIII Simp\u00f3sio Internacional da Sociedade Brasileira de Glaucoma e a seguir voc\u00ea confere as fotos desse evento que contou com a participa\u00e7\u00e3o de convidados internacionais e nacionais. Dia 22\/05 &#8211; Pr\u00e9-congresso\u00a0 \u00a0Dia 23\/05 &#8211; 1\u00ba dia do XVIII Simp\u00f3sio Internacional da SBG\u00a0 \u00a0 [&hellip;]<\/p>\n","protected":false},"author":1,"featured_media":0,"comment_status":"open","ping_status":"open","sticky":false,"template":"","format":"standard","meta":{"_acf_changed":false,"_joinchat":[],"footnotes":""},"categories":[1],"tags":[],"class_list":["post-6490","post","type-post","status-publish","format-standard","hentry","category-sem-categoria"],"acf":[],"yoast_head":"<!-- This site is optimized with the Yoast SEO plugin v27.5 - https:\/\/yoast.com\/product\/yoast-seo-wordpress\/ -->\n<title>Fotos Simp\u00f3sio SBG 2019 - SBG - Sociedade Brasileira de Glaucoma<\/title>\n<meta name=\"robots\" content=\"index, follow, max-snippet:-1, max-image-preview:large, max-video-preview:-1\" \/>\n<link rel=\"canonical\" href=\"https:\/\/www.sbglaucoma.org.br\/medico\/fotos-simposio-sbg-2019\/\" \/>\n<meta property=\"og:locale\" content=\"pt_BR\" \/>\n<meta property=\"og:type\" content=\"article\" \/>\n<meta property=\"og:title\" content=\"Fotos Simp\u00f3sio SBG 2019 - SBG - Sociedade Brasileira de Glaucoma\" \/>\n<meta property=\"og:description\" content=\"Aconteceu entre os dias 22 e 25 de Maio de 2019 o XVIII Simp\u00f3sio Internacional da Sociedade Brasileira de Glaucoma e a seguir voc\u00ea confere as fotos desse evento que contou com a participa\u00e7\u00e3o de convidados internacionais e nacionais. Dia 22\/05 &#8211; Pr\u00e9-congresso\u00a0 \u00a0Dia 23\/05 &#8211; 1\u00ba dia do XVIII Simp\u00f3sio Internacional da SBG\u00a0 \u00a0 [&hellip;]\" \/>\n<meta property=\"og:url\" content=\"https:\/\/www.sbglaucoma.org.br\/medico\/fotos-simposio-sbg-2019\/\" \/>\n<meta property=\"og:site_name\" content=\"SBG - Sociedade Brasileira de Glaucoma\" \/>\n<meta property=\"article:published_time\" content=\"2019-08-09T14:47:24+00:00\" \/>\n<meta property=\"article:modified_time\" content=\"2019-08-09T17:21:20+00:00\" \/>\n<meta name=\"author\" content=\"Ricardo\" \/>\n<meta name=\"twitter:card\" content=\"summary_large_image\" \/>\n<meta name=\"twitter:label1\" content=\"Escrito por\" \/>\n\t<meta name=\"twitter:data1\" content=\"Ricardo\" \/>\n<script type=\"application\/ld+json\" class=\"yoast-schema-graph\">{\"@context\":\"https:\\\/\\\/schema.org\",\"@graph\":[{\"@type\":\"Article\",\"@id\":\"https:\\\/\\\/www.sbglaucoma.org.br\\\/medico\\\/fotos-simposio-sbg-2019\\\/#article\",\"isPartOf\":{\"@id\":\"https:\\\/\\\/www.sbglaucoma.org.br\\\/medico\\\/fotos-simposio-sbg-2019\\\/\"},\"author\":{\"name\":\"Ricardo\",\"@id\":\"https:\\\/\\\/www.sbglaucoma.org.br\\\/medico\\\/#\\\/schema\\\/person\\\/3b5653b1267e6a6d05de21f0ebd8e3c2\"},\"headline\":\"Fotos Simp\u00f3sio SBG 2019\",\"datePublished\":\"2019-08-09T14:47:24+00:00\",\"dateModified\":\"2019-08-09T17:21:20+00:00\",\"mainEntityOfPage\":{\"@id\":\"https:\\\/\\\/www.sbglaucoma.org.br\\\/medico\\\/fotos-simposio-sbg-2019\\\/\"},\"wordCount\":76,\"commentCount\":0,\"inLanguage\":\"pt-BR\",\"potentialAction\":[{\"@type\":\"CommentAction\",\"name\":\"Comment\",\"target\":[\"https:\\\/\\\/www.sbglaucoma.org.br\\\/medico\\\/fotos-simposio-sbg-2019\\\/#respond\"]}]},{\"@type\":\"WebPage\",\"@id\":\"https:\\\/\\\/www.sbglaucoma.org.br\\\/medico\\\/fotos-simposio-sbg-2019\\\/\",\"url\":\"https:\\\/\\\/www.sbglaucoma.org.br\\\/medico\\\/fotos-simposio-sbg-2019\\\/\",\"name\":\"Fotos Simp\u00f3sio SBG 2019 - SBG - Sociedade Brasileira de Glaucoma\",\"isPartOf\":{\"@id\":\"https:\\\/\\\/www.sbglaucoma.org.br\\\/medico\\\/#website\"},\"datePublished\":\"2019-08-09T14:47:24+00:00\",\"dateModified\":\"2019-08-09T17:21:20+00:00\",\"author\":{\"@id\":\"https:\\\/\\\/www.sbglaucoma.org.br\\\/medico\\\/#\\\/schema\\\/person\\\/3b5653b1267e6a6d05de21f0ebd8e3c2\"},\"breadcrumb\":{\"@id\":\"https:\\\/\\\/www.sbglaucoma.org.br\\\/medico\\\/fotos-simposio-sbg-2019\\\/#breadcrumb\"},\"inLanguage\":\"pt-BR\",\"potentialAction\":[{\"@type\":\"ReadAction\",\"target\":[\"https:\\\/\\\/www.sbglaucoma.org.br\\\/medico\\\/fotos-simposio-sbg-2019\\\/\"]}]},{\"@type\":\"BreadcrumbList\",\"@id\":\"https:\\\/\\\/www.sbglaucoma.org.br\\\/medico\\\/fotos-simposio-sbg-2019\\\/#breadcrumb\",\"itemListElement\":[{\"@type\":\"ListItem\",\"position\":1,\"name\":\"In\u00edcio\",\"item\":\"https:\\\/\\\/www.sbglaucoma.org.br\\\/medico\\\/\"},{\"@type\":\"ListItem\",\"position\":2,\"name\":\"Fotos Simp\u00f3sio SBG 2019\"}]},{\"@type\":\"WebSite\",\"@id\":\"https:\\\/\\\/www.sbglaucoma.org.br\\\/medico\\\/#website\",\"url\":\"https:\\\/\\\/www.sbglaucoma.org.br\\\/medico\\\/\",\"name\":\"SBG - Sociedade Brasileira de Glaucoma\",\"description\":\"\",\"potentialAction\":[{\"@type\":\"SearchAction\",\"target\":{\"@type\":\"EntryPoint\",\"urlTemplate\":\"https:\\\/\\\/www.sbglaucoma.org.br\\\/medico\\\/?s={search_term_string}\"},\"query-input\":{\"@type\":\"PropertyValueSpecification\",\"valueRequired\":true,\"valueName\":\"search_term_string\"}}],\"inLanguage\":\"pt-BR\"},{\"@type\":\"Person\",\"@id\":\"https:\\\/\\\/www.sbglaucoma.org.br\\\/medico\\\/#\\\/schema\\\/person\\\/3b5653b1267e6a6d05de21f0ebd8e3c2\",\"name\":\"Ricardo\",\"image\":{\"@type\":\"ImageObject\",\"inLanguage\":\"pt-BR\",\"@id\":\"https:\\\/\\\/secure.gravatar.com\\\/avatar\\\/44920876e908c0295955ee29232efe54c5c4ae3c36c5fc42ce7d3fba63ad79e4?s=96&d=mm&r=g\",\"url\":\"https:\\\/\\\/secure.gravatar.com\\\/avatar\\\/44920876e908c0295955ee29232efe54c5c4ae3c36c5fc42ce7d3fba63ad79e4?s=96&d=mm&r=g\",\"contentUrl\":\"https:\\\/\\\/secure.gravatar.com\\\/avatar\\\/44920876e908c0295955ee29232efe54c5c4ae3c36c5fc42ce7d3fba63ad79e4?s=96&d=mm&r=g\",\"caption\":\"Ricardo\"},\"url\":\"https:\\\/\\\/www.sbglaucoma.org.br\\\/medico\\\/author\\\/ricardo\\\/\"}]}<\/script>\n<!-- \/ Yoast SEO plugin. -->","yoast_head_json":{"title":"Fotos Simp\u00f3sio SBG 2019 - SBG - Sociedade Brasileira de Glaucoma","robots":{"index":"index","follow":"follow","max-snippet":"max-snippet:-1","max-image-preview":"max-image-preview:large","max-video-preview":"max-video-preview:-1"},"canonical":"https:\/\/www.sbglaucoma.org.br\/medico\/fotos-simposio-sbg-2019\/","og_locale":"pt_BR","og_type":"article","og_title":"Fotos Simp\u00f3sio SBG 2019 - SBG - Sociedade Brasileira de Glaucoma","og_description":"Aconteceu entre os dias 22 e 25 de Maio de 2019 o XVIII Simp\u00f3sio Internacional da Sociedade Brasileira de Glaucoma e a seguir voc\u00ea confere as fotos desse evento que contou com a participa\u00e7\u00e3o de convidados internacionais e nacionais. Dia 22\/05 &#8211; Pr\u00e9-congresso\u00a0 \u00a0Dia 23\/05 &#8211; 1\u00ba dia do XVIII Simp\u00f3sio Internacional da SBG\u00a0 \u00a0 [&hellip;]","og_url":"https:\/\/www.sbglaucoma.org.br\/medico\/fotos-simposio-sbg-2019\/","og_site_name":"SBG - Sociedade Brasileira de Glaucoma","article_published_time":"2019-08-09T14:47:24+00:00","article_modified_time":"2019-08-09T17:21:20+00:00","author":"Ricardo","twitter_card":"summary_large_image","twitter_misc":{"Escrito por":"Ricardo"},"schema":{"@context":"https:\/\/schema.org","@graph":[{"@type":"Article","@id":"https:\/\/www.sbglaucoma.org.br\/medico\/fotos-simposio-sbg-2019\/#article","isPartOf":{"@id":"https:\/\/www.sbglaucoma.org.br\/medico\/fotos-simposio-sbg-2019\/"},"author":{"name":"Ricardo","@id":"https:\/\/www.sbglaucoma.org.br\/medico\/#\/schema\/person\/3b5653b1267e6a6d05de21f0ebd8e3c2"},"headline":"Fotos Simp\u00f3sio SBG 2019","datePublished":"2019-08-09T14:47:24+00:00","dateModified":"2019-08-09T17:21:20+00:00","mainEntityOfPage":{"@id":"https:\/\/www.sbglaucoma.org.br\/medico\/fotos-simposio-sbg-2019\/"},"wordCount":76,"commentCount":0,"inLanguage":"pt-BR","potentialAction":[{"@type":"CommentAction","name":"Comment","target":["https:\/\/www.sbglaucoma.org.br\/medico\/fotos-simposio-sbg-2019\/#respond"]}]},{"@type":"WebPage","@id":"https:\/\/www.sbglaucoma.org.br\/medico\/fotos-simposio-sbg-2019\/","url":"https:\/\/www.sbglaucoma.org.br\/medico\/fotos-simposio-sbg-2019\/","name":"Fotos Simp\u00f3sio SBG 2019 - SBG - Sociedade Brasileira de Glaucoma","isPartOf":{"@id":"https:\/\/www.sbglaucoma.org.br\/medico\/#website"},"datePublished":"2019-08-09T14:47:24+00:00","dateModified":"2019-08-09T17:21:20+00:00","author":{"@id":"https:\/\/www.sbglaucoma.org.br\/medico\/#\/schema\/person\/3b5653b1267e6a6d05de21f0ebd8e3c2"},"breadcrumb":{"@id":"https:\/\/www.sbglaucoma.org.br\/medico\/fotos-simposio-sbg-2019\/#breadcrumb"},"inLanguage":"pt-BR","potentialAction":[{"@type":"ReadAction","target":["https:\/\/www.sbglaucoma.org.br\/medico\/fotos-simposio-sbg-2019\/"]}]},{"@type":"BreadcrumbList","@id":"https:\/\/www.sbglaucoma.org.br\/medico\/fotos-simposio-sbg-2019\/#breadcrumb","itemListElement":[{"@type":"ListItem","position":1,"name":"In\u00edcio","item":"https:\/\/www.sbglaucoma.org.br\/medico\/"},{"@type":"ListItem","position":2,"name":"Fotos Simp\u00f3sio SBG 2019"}]},{"@type":"WebSite","@id":"https:\/\/www.sbglaucoma.org.br\/medico\/#website","url":"https:\/\/www.sbglaucoma.org.br\/medico\/","name":"SBG - Sociedade Brasileira de Glaucoma","description":"","potentialAction":[{"@type":"SearchAction","target":{"@type":"EntryPoint","urlTemplate":"https:\/\/www.sbglaucoma.org.br\/medico\/?s={search_term_string}"},"query-input":{"@type":"PropertyValueSpecification","valueRequired":true,"valueName":"search_term_string"}}],"inLanguage":"pt-BR"},{"@type":"Person","@id":"https:\/\/www.sbglaucoma.org.br\/medico\/#\/schema\/person\/3b5653b1267e6a6d05de21f0ebd8e3c2","name":"Ricardo","image":{"@type":"ImageObject","inLanguage":"pt-BR","@id":"https:\/\/secure.gravatar.com\/avatar\/44920876e908c0295955ee29232efe54c5c4ae3c36c5fc42ce7d3fba63ad79e4?s=96&d=mm&r=g","url":"https:\/\/secure.gravatar.com\/avatar\/44920876e908c0295955ee29232efe54c5c4ae3c36c5fc42ce7d3fba63ad79e4?s=96&d=mm&r=g","contentUrl":"https:\/\/secure.gravatar.com\/avatar\/44920876e908c0295955ee29232efe54c5c4ae3c36c5fc42ce7d3fba63ad79e4?s=96&d=mm&r=g","caption":"Ricardo"},"url":"https:\/\/www.sbglaucoma.org.br\/medico\/author\/ricardo\/"}]}},"_links":{"self":[{"href":"https:\/\/www.sbglaucoma.org.br\/medico\/wp-json\/wp\/v2\/posts\/6490","targetHints":{"allow":["GET"]}}],"collection":[{"href":"https:\/\/www.sbglaucoma.org.br\/medico\/wp-json\/wp\/v2\/posts"}],"about":[{"href":"https:\/\/www.sbglaucoma.org.br\/medico\/wp-json\/wp\/v2\/types\/post"}],"author":[{"embeddable":true,"href":"https:\/\/www.sbglaucoma.org.br\/medico\/wp-json\/wp\/v2\/users\/1"}],"replies":[{"embeddable":true,"href":"https:\/\/www.sbglaucoma.org.br\/medico\/wp-json\/wp\/v2\/comments?post=6490"}],"version-history":[{"count":13,"href":"https:\/\/www.sbglaucoma.org.br\/medico\/wp-json\/wp\/v2\/posts\/6490\/revisions"}],"predecessor-version":[{"id":7213,"href":"https:\/\/www.sbglaucoma.org.br\/medico\/wp-json\/wp\/v2\/posts\/6490\/revisions\/7213"}],"wp:attachment":[{"href":"https:\/\/www.sbglaucoma.org.br\/medico\/wp-json\/wp\/v2\/media?parent=6490"}],"wp:term":[{"taxonomy":"category","embeddable":true,"href":"https:\/\/www.sbglaucoma.org.br\/medico\/wp-json\/wp\/v2\/categories?post=6490"},{"taxonomy":"post_tag","embeddable":true,"href":"https:\/\/www.sbglaucoma.org.br\/medico\/wp-json\/wp\/v2\/tags?post=6490"}],"curies":[{"name":"wp","href":"https:\/\/api.w.org\/{rel}","templated":true}]}}