{"id":496,"date":"2013-04-09T15:10:02","date_gmt":"2013-04-09T18:10:02","guid":{"rendered":"http:\/\/www.planetaw.com.br\/temp\/sbg\/?p=496"},"modified":"2024-01-22T11:37:51","modified_gmt":"2024-01-22T14:37:51","slug":"associado-quite-tem-desconto-no-xv-simposio-internacional-da-sociedade-brasileira-de-glaucoma","status":"publish","type":"post","link":"https:\/\/www.sbglaucoma.org.br\/medico\/associado-quite-tem-desconto-no-xv-simposio-internacional-da-sociedade-brasileira-de-glaucoma\/","title":{"rendered":"Associado quite tem desconto no XV Simp\u00f3sio Internacional da Sociedade Brasileira de Glaucoma!"},"content":{"rendered":"<p>Participe do <span class=\"secondcolor\"><strong>XV Simp\u00f3sio Internacional da Sociedade Brasileira de Glaucoma<\/strong><\/span>, dos dias 06 a 08 de junho de 2013, no Pal\u00e1cio das Conven\u00e7\u00f5es do Anhembi em S\u00e3o Paulo.<\/p>\n<p><span class=\"secondcolor\"><strong>Fa\u00e7a sua inscri\u00e7\u00e3o com desconto especial at\u00e9 o dia 30\/04\/2013!<\/strong><\/span><\/p>\n<p>Para obter o direito ao desconto, basta estar em dia com o pagamento da anuidade 2013 no momento de sua inscri\u00e7\u00e3o no evento. A anuidade 2013 pode ser paga atrav\u00e9s de boleto banc\u00e1rio, enviado ao endere\u00e7o de todos os associados.<\/p>\n<p>Se voc\u00ea n\u00e3o recebeu o boleto banc\u00e1rio da anuidade 2013 \u00e9 s\u00f3 imprimir uma 2\u00aa via aqui mesmo do site, ou se preferir, entre em contato com a secretaria da SBG pelo e-mail<br \/>\n<a href=\"sbglaucoma@sbglaucoma.org.br\">sbglaucoma@sbglaucoma.org.br<\/a><\/p>\n<p>Para saber mais sobre o evento, que j\u00e1 tem confirmadas as participa\u00e7\u00f5es de v\u00e1rios convidados internacionais,<br \/>\n<a href=\"https:\/\/sbglaucoma.org.br\/medico\/simposio2013\/\">clique aqui<\/a><\/p>\n","protected":false},"excerpt":{"rendered":"<p>Participe do XV Simp\u00f3sio Internacional da Sociedade Brasileira de Glaucoma, dos dias 06 a 08 de junho de 2013, no Pal\u00e1cio das Conven\u00e7\u00f5es do Anhembi em S\u00e3o Paulo. Fa\u00e7a sua inscri\u00e7\u00e3o com desconto especial at\u00e9 o dia 30\/04\/2013! Para obter o direito ao desconto, basta estar em dia com o pagamento da anuidade 2013 no [&hellip;]<\/p>\n","protected":false},"author":1,"featured_media":0,"comment_status":"open","ping_status":"open","sticky":false,"template":"","format":"standard","meta":{"_acf_changed":false,"_joinchat":[],"footnotes":""},"categories":[44],"tags":[],"class_list":["post-496","post","type-post","status-publish","format-standard","hentry","category-noticias"],"acf":[],"yoast_head":"<!-- This site is optimized with the Yoast SEO plugin v27.5 - https:\/\/yoast.com\/product\/yoast-seo-wordpress\/ -->\n<title>Associado quite tem desconto no XV Simp\u00f3sio Internacional da Sociedade Brasileira de Glaucoma! - SBG - Sociedade Brasileira de Glaucoma<\/title>\n<meta name=\"robots\" content=\"index, follow, max-snippet:-1, max-image-preview:large, max-video-preview:-1\" \/>\n<link rel=\"canonical\" href=\"https:\/\/www.sbglaucoma.org.br\/medico\/associado-quite-tem-desconto-no-xv-simposio-internacional-da-sociedade-brasileira-de-glaucoma\/\" \/>\n<meta property=\"og:locale\" content=\"pt_BR\" \/>\n<meta property=\"og:type\" content=\"article\" \/>\n<meta property=\"og:title\" content=\"Associado quite tem desconto no XV Simp\u00f3sio Internacional da Sociedade Brasileira de Glaucoma! - SBG - Sociedade Brasileira de Glaucoma\" \/>\n<meta property=\"og:description\" content=\"Participe do XV Simp\u00f3sio Internacional da Sociedade Brasileira de Glaucoma, dos dias 06 a 08 de junho de 2013, no Pal\u00e1cio das Conven\u00e7\u00f5es do Anhembi em S\u00e3o Paulo. Fa\u00e7a sua inscri\u00e7\u00e3o com desconto especial at\u00e9 o dia 30\/04\/2013! Para obter o direito ao desconto, basta estar em dia com o pagamento da anuidade 2013 no [&hellip;]\" \/>\n<meta property=\"og:url\" content=\"https:\/\/www.sbglaucoma.org.br\/medico\/associado-quite-tem-desconto-no-xv-simposio-internacional-da-sociedade-brasileira-de-glaucoma\/\" \/>\n<meta property=\"og:site_name\" content=\"SBG - Sociedade Brasileira de Glaucoma\" \/>\n<meta property=\"article:published_time\" content=\"2013-04-09T18:10:02+00:00\" \/>\n<meta property=\"article:modified_time\" content=\"2024-01-22T14:37:51+00:00\" \/>\n<meta name=\"author\" content=\"Ricardo\" \/>\n<meta name=\"twitter:card\" content=\"summary_large_image\" \/>\n<meta name=\"twitter:label1\" content=\"Escrito por\" \/>\n\t<meta name=\"twitter:data1\" content=\"Ricardo\" \/>\n\t<meta name=\"twitter:label2\" content=\"Est. tempo de leitura\" \/>\n\t<meta name=\"twitter:data2\" content=\"1 minuto\" \/>\n<script type=\"application\/ld+json\" class=\"yoast-schema-graph\">{\"@context\":\"https:\\\/\\\/schema.org\",\"@graph\":[{\"@type\":\"Article\",\"@id\":\"https:\\\/\\\/www.sbglaucoma.org.br\\\/medico\\\/associado-quite-tem-desconto-no-xv-simposio-internacional-da-sociedade-brasileira-de-glaucoma\\\/#article\",\"isPartOf\":{\"@id\":\"https:\\\/\\\/www.sbglaucoma.org.br\\\/medico\\\/associado-quite-tem-desconto-no-xv-simposio-internacional-da-sociedade-brasileira-de-glaucoma\\\/\"},\"author\":{\"name\":\"Ricardo\",\"@id\":\"https:\\\/\\\/www.sbglaucoma.org.br\\\/medico\\\/#\\\/schema\\\/person\\\/3b5653b1267e6a6d05de21f0ebd8e3c2\"},\"headline\":\"Associado quite tem desconto no XV Simp\u00f3sio Internacional da Sociedade Brasileira de Glaucoma!\",\"datePublished\":\"2013-04-09T18:10:02+00:00\",\"dateModified\":\"2024-01-22T14:37:51+00:00\",\"mainEntityOfPage\":{\"@id\":\"https:\\\/\\\/www.sbglaucoma.org.br\\\/medico\\\/associado-quite-tem-desconto-no-xv-simposio-internacional-da-sociedade-brasileira-de-glaucoma\\\/\"},\"wordCount\":152,\"commentCount\":0,\"articleSection\":[\"Not\u00edcias\"],\"inLanguage\":\"pt-BR\",\"potentialAction\":[{\"@type\":\"CommentAction\",\"name\":\"Comment\",\"target\":[\"https:\\\/\\\/www.sbglaucoma.org.br\\\/medico\\\/associado-quite-tem-desconto-no-xv-simposio-internacional-da-sociedade-brasileira-de-glaucoma\\\/#respond\"]}]},{\"@type\":\"WebPage\",\"@id\":\"https:\\\/\\\/www.sbglaucoma.org.br\\\/medico\\\/associado-quite-tem-desconto-no-xv-simposio-internacional-da-sociedade-brasileira-de-glaucoma\\\/\",\"url\":\"https:\\\/\\\/www.sbglaucoma.org.br\\\/medico\\\/associado-quite-tem-desconto-no-xv-simposio-internacional-da-sociedade-brasileira-de-glaucoma\\\/\",\"name\":\"Associado quite tem desconto no XV Simp\u00f3sio Internacional da Sociedade Brasileira de Glaucoma! - SBG - Sociedade Brasileira de Glaucoma\",\"isPartOf\":{\"@id\":\"https:\\\/\\\/www.sbglaucoma.org.br\\\/medico\\\/#website\"},\"datePublished\":\"2013-04-09T18:10:02+00:00\",\"dateModified\":\"2024-01-22T14:37:51+00:00\",\"author\":{\"@id\":\"https:\\\/\\\/www.sbglaucoma.org.br\\\/medico\\\/#\\\/schema\\\/person\\\/3b5653b1267e6a6d05de21f0ebd8e3c2\"},\"breadcrumb\":{\"@id\":\"https:\\\/\\\/www.sbglaucoma.org.br\\\/medico\\\/associado-quite-tem-desconto-no-xv-simposio-internacional-da-sociedade-brasileira-de-glaucoma\\\/#breadcrumb\"},\"inLanguage\":\"pt-BR\",\"potentialAction\":[{\"@type\":\"ReadAction\",\"target\":[\"https:\\\/\\\/www.sbglaucoma.org.br\\\/medico\\\/associado-quite-tem-desconto-no-xv-simposio-internacional-da-sociedade-brasileira-de-glaucoma\\\/\"]}]},{\"@type\":\"BreadcrumbList\",\"@id\":\"https:\\\/\\\/www.sbglaucoma.org.br\\\/medico\\\/associado-quite-tem-desconto-no-xv-simposio-internacional-da-sociedade-brasileira-de-glaucoma\\\/#breadcrumb\",\"itemListElement\":[{\"@type\":\"ListItem\",\"position\":1,\"name\":\"In\u00edcio\",\"item\":\"https:\\\/\\\/www.sbglaucoma.org.br\\\/medico\\\/\"},{\"@type\":\"ListItem\",\"position\":2,\"name\":\"Associado quite tem desconto no XV Simp\u00f3sio Internacional da Sociedade Brasileira de Glaucoma!\"}]},{\"@type\":\"WebSite\",\"@id\":\"https:\\\/\\\/www.sbglaucoma.org.br\\\/medico\\\/#website\",\"url\":\"https:\\\/\\\/www.sbglaucoma.org.br\\\/medico\\\/\",\"name\":\"SBG - Sociedade Brasileira de Glaucoma\",\"description\":\"\",\"potentialAction\":[{\"@type\":\"SearchAction\",\"target\":{\"@type\":\"EntryPoint\",\"urlTemplate\":\"https:\\\/\\\/www.sbglaucoma.org.br\\\/medico\\\/?s={search_term_string}\"},\"query-input\":{\"@type\":\"PropertyValueSpecification\",\"valueRequired\":true,\"valueName\":\"search_term_string\"}}],\"inLanguage\":\"pt-BR\"},{\"@type\":\"Person\",\"@id\":\"https:\\\/\\\/www.sbglaucoma.org.br\\\/medico\\\/#\\\/schema\\\/person\\\/3b5653b1267e6a6d05de21f0ebd8e3c2\",\"name\":\"Ricardo\",\"image\":{\"@type\":\"ImageObject\",\"inLanguage\":\"pt-BR\",\"@id\":\"https:\\\/\\\/secure.gravatar.com\\\/avatar\\\/44920876e908c0295955ee29232efe54c5c4ae3c36c5fc42ce7d3fba63ad79e4?s=96&d=mm&r=g\",\"url\":\"https:\\\/\\\/secure.gravatar.com\\\/avatar\\\/44920876e908c0295955ee29232efe54c5c4ae3c36c5fc42ce7d3fba63ad79e4?s=96&d=mm&r=g\",\"contentUrl\":\"https:\\\/\\\/secure.gravatar.com\\\/avatar\\\/44920876e908c0295955ee29232efe54c5c4ae3c36c5fc42ce7d3fba63ad79e4?s=96&d=mm&r=g\",\"caption\":\"Ricardo\"},\"url\":\"https:\\\/\\\/www.sbglaucoma.org.br\\\/medico\\\/author\\\/ricardo\\\/\"}]}<\/script>\n<!-- \/ Yoast SEO plugin. -->","yoast_head_json":{"title":"Associado quite tem desconto no XV Simp\u00f3sio Internacional da Sociedade Brasileira de Glaucoma! - SBG - Sociedade Brasileira de Glaucoma","robots":{"index":"index","follow":"follow","max-snippet":"max-snippet:-1","max-image-preview":"max-image-preview:large","max-video-preview":"max-video-preview:-1"},"canonical":"https:\/\/www.sbglaucoma.org.br\/medico\/associado-quite-tem-desconto-no-xv-simposio-internacional-da-sociedade-brasileira-de-glaucoma\/","og_locale":"pt_BR","og_type":"article","og_title":"Associado quite tem desconto no XV Simp\u00f3sio Internacional da Sociedade Brasileira de Glaucoma! - SBG - Sociedade Brasileira de Glaucoma","og_description":"Participe do XV Simp\u00f3sio Internacional da Sociedade Brasileira de Glaucoma, dos dias 06 a 08 de junho de 2013, no Pal\u00e1cio das Conven\u00e7\u00f5es do Anhembi em S\u00e3o Paulo. Fa\u00e7a sua inscri\u00e7\u00e3o com desconto especial at\u00e9 o dia 30\/04\/2013! Para obter o direito ao desconto, basta estar em dia com o pagamento da anuidade 2013 no [&hellip;]","og_url":"https:\/\/www.sbglaucoma.org.br\/medico\/associado-quite-tem-desconto-no-xv-simposio-internacional-da-sociedade-brasileira-de-glaucoma\/","og_site_name":"SBG - Sociedade Brasileira de Glaucoma","article_published_time":"2013-04-09T18:10:02+00:00","article_modified_time":"2024-01-22T14:37:51+00:00","author":"Ricardo","twitter_card":"summary_large_image","twitter_misc":{"Escrito por":"Ricardo","Est. tempo de leitura":"1 minuto"},"schema":{"@context":"https:\/\/schema.org","@graph":[{"@type":"Article","@id":"https:\/\/www.sbglaucoma.org.br\/medico\/associado-quite-tem-desconto-no-xv-simposio-internacional-da-sociedade-brasileira-de-glaucoma\/#article","isPartOf":{"@id":"https:\/\/www.sbglaucoma.org.br\/medico\/associado-quite-tem-desconto-no-xv-simposio-internacional-da-sociedade-brasileira-de-glaucoma\/"},"author":{"name":"Ricardo","@id":"https:\/\/www.sbglaucoma.org.br\/medico\/#\/schema\/person\/3b5653b1267e6a6d05de21f0ebd8e3c2"},"headline":"Associado quite tem desconto no XV Simp\u00f3sio Internacional da Sociedade Brasileira de Glaucoma!","datePublished":"2013-04-09T18:10:02+00:00","dateModified":"2024-01-22T14:37:51+00:00","mainEntityOfPage":{"@id":"https:\/\/www.sbglaucoma.org.br\/medico\/associado-quite-tem-desconto-no-xv-simposio-internacional-da-sociedade-brasileira-de-glaucoma\/"},"wordCount":152,"commentCount":0,"articleSection":["Not\u00edcias"],"inLanguage":"pt-BR","potentialAction":[{"@type":"CommentAction","name":"Comment","target":["https:\/\/www.sbglaucoma.org.br\/medico\/associado-quite-tem-desconto-no-xv-simposio-internacional-da-sociedade-brasileira-de-glaucoma\/#respond"]}]},{"@type":"WebPage","@id":"https:\/\/www.sbglaucoma.org.br\/medico\/associado-quite-tem-desconto-no-xv-simposio-internacional-da-sociedade-brasileira-de-glaucoma\/","url":"https:\/\/www.sbglaucoma.org.br\/medico\/associado-quite-tem-desconto-no-xv-simposio-internacional-da-sociedade-brasileira-de-glaucoma\/","name":"Associado quite tem desconto no XV Simp\u00f3sio Internacional da Sociedade Brasileira de Glaucoma! - SBG - Sociedade Brasileira de Glaucoma","isPartOf":{"@id":"https:\/\/www.sbglaucoma.org.br\/medico\/#website"},"datePublished":"2013-04-09T18:10:02+00:00","dateModified":"2024-01-22T14:37:51+00:00","author":{"@id":"https:\/\/www.sbglaucoma.org.br\/medico\/#\/schema\/person\/3b5653b1267e6a6d05de21f0ebd8e3c2"},"breadcrumb":{"@id":"https:\/\/www.sbglaucoma.org.br\/medico\/associado-quite-tem-desconto-no-xv-simposio-internacional-da-sociedade-brasileira-de-glaucoma\/#breadcrumb"},"inLanguage":"pt-BR","potentialAction":[{"@type":"ReadAction","target":["https:\/\/www.sbglaucoma.org.br\/medico\/associado-quite-tem-desconto-no-xv-simposio-internacional-da-sociedade-brasileira-de-glaucoma\/"]}]},{"@type":"BreadcrumbList","@id":"https:\/\/www.sbglaucoma.org.br\/medico\/associado-quite-tem-desconto-no-xv-simposio-internacional-da-sociedade-brasileira-de-glaucoma\/#breadcrumb","itemListElement":[{"@type":"ListItem","position":1,"name":"In\u00edcio","item":"https:\/\/www.sbglaucoma.org.br\/medico\/"},{"@type":"ListItem","position":2,"name":"Associado quite tem desconto no XV Simp\u00f3sio Internacional da Sociedade Brasileira de Glaucoma!"}]},{"@type":"WebSite","@id":"https:\/\/www.sbglaucoma.org.br\/medico\/#website","url":"https:\/\/www.sbglaucoma.org.br\/medico\/","name":"SBG - Sociedade Brasileira de Glaucoma","description":"","potentialAction":[{"@type":"SearchAction","target":{"@type":"EntryPoint","urlTemplate":"https:\/\/www.sbglaucoma.org.br\/medico\/?s={search_term_string}"},"query-input":{"@type":"PropertyValueSpecification","valueRequired":true,"valueName":"search_term_string"}}],"inLanguage":"pt-BR"},{"@type":"Person","@id":"https:\/\/www.sbglaucoma.org.br\/medico\/#\/schema\/person\/3b5653b1267e6a6d05de21f0ebd8e3c2","name":"Ricardo","image":{"@type":"ImageObject","inLanguage":"pt-BR","@id":"https:\/\/secure.gravatar.com\/avatar\/44920876e908c0295955ee29232efe54c5c4ae3c36c5fc42ce7d3fba63ad79e4?s=96&d=mm&r=g","url":"https:\/\/secure.gravatar.com\/avatar\/44920876e908c0295955ee29232efe54c5c4ae3c36c5fc42ce7d3fba63ad79e4?s=96&d=mm&r=g","contentUrl":"https:\/\/secure.gravatar.com\/avatar\/44920876e908c0295955ee29232efe54c5c4ae3c36c5fc42ce7d3fba63ad79e4?s=96&d=mm&r=g","caption":"Ricardo"},"url":"https:\/\/www.sbglaucoma.org.br\/medico\/author\/ricardo\/"}]}},"_links":{"self":[{"href":"https:\/\/www.sbglaucoma.org.br\/medico\/wp-json\/wp\/v2\/posts\/496","targetHints":{"allow":["GET"]}}],"collection":[{"href":"https:\/\/www.sbglaucoma.org.br\/medico\/wp-json\/wp\/v2\/posts"}],"about":[{"href":"https:\/\/www.sbglaucoma.org.br\/medico\/wp-json\/wp\/v2\/types\/post"}],"author":[{"embeddable":true,"href":"https:\/\/www.sbglaucoma.org.br\/medico\/wp-json\/wp\/v2\/users\/1"}],"replies":[{"embeddable":true,"href":"https:\/\/www.sbglaucoma.org.br\/medico\/wp-json\/wp\/v2\/comments?post=496"}],"version-history":[{"count":4,"href":"https:\/\/www.sbglaucoma.org.br\/medico\/wp-json\/wp\/v2\/posts\/496\/revisions"}],"predecessor-version":[{"id":9349,"href":"https:\/\/www.sbglaucoma.org.br\/medico\/wp-json\/wp\/v2\/posts\/496\/revisions\/9349"}],"wp:attachment":[{"href":"https:\/\/www.sbglaucoma.org.br\/medico\/wp-json\/wp\/v2\/media?parent=496"}],"wp:term":[{"taxonomy":"category","embeddable":true,"href":"https:\/\/www.sbglaucoma.org.br\/medico\/wp-json\/wp\/v2\/categories?post=496"},{"taxonomy":"post_tag","embeddable":true,"href":"https:\/\/www.sbglaucoma.org.br\/medico\/wp-json\/wp\/v2\/tags?post=496"}],"curies":[{"name":"wp","href":"https:\/\/api.w.org\/{rel}","templated":true}]}}