{"id":4469,"date":"2016-11-28T19:24:48","date_gmt":"2016-11-28T21:24:48","guid":{"rendered":"https:\/\/sbglaucoma2.websiteseguro.com\/medico\/?p=4469"},"modified":"2016-12-05T17:06:22","modified_gmt":"2016-12-05T19:06:22","slug":"sbg-ministerio-da-saude","status":"publish","type":"post","link":"https:\/\/www.sbglaucoma.org.br\/medico\/sbg-ministerio-da-saude\/","title":{"rendered":"Reuni\u00e3o entre SBG e Minist\u00e9rio da Sa\u00fade para elabora\u00e7\u00e3o do novo protocolo para tratamento do glaucoma"},"content":{"rendered":"<p>Em novembro de 2016, o Dr. Marcelo Palis Ventura, presidente da SBG &#8211; Sociedade Brasileira de Glaucoma, participou de uma reuni\u00e3o com a equipe do Minist\u00e9rio da Sa\u00fade para tratar do Programa de Preven\u00e7\u00e3o da Cegueira pelo Glaucoma.<\/p>\n<p>O principal t\u00f3pico abordado foi o programa de diagn\u00f3stico e tratamento do glaucoma realizado pelos servi\u00e7os habilitados pelo Minist\u00e9rio da Sa\u00fade. Nesta reuni\u00e3o a SBG teve a oportunidade de mostrar a importante contribui\u00e7\u00e3o dos servi\u00e7os credenciados no atendimento e na distribui\u00e7\u00e3o de medicamentos para o tratamento do glaucoma para os 431.204 brasileiros assistidos pelo programa no ano de 2015.<\/p>\n<div id=\"attachment_4470\" style=\"width: 577px\" class=\"wp-caption aligncenter\"><img loading=\"lazy\" decoding=\"async\" aria-describedby=\"caption-attachment-4470\" class=\"wp-image-4470 size-full\" src=\"https:\/\/sbglaucoma.org.br\/medico\/wp-content\/uploads\/2016\/11\/foto_sbg.jpg\" alt=\"foto_sbg\" width=\"567\" height=\"343\" \/><p id=\"caption-attachment-4470\" class=\"wp-caption-text\">(da esquerda para a direita) Dr. Bruno Castelo Branco, Dep. Iran Gon\u00e7alves, Dr. Ricardo Barros &#8211; Ministro da Sa\u00fade, Dr. Marcelo Palis Ventura &#8211; Presidente da SBG &#8211; Sociedade Brasileira de Glaucoma, Senador Wilder Moraes, Dr. Edil Vidal de Souza &#8211; Superintendente do Banco de Olhos\/Hospital Oftalmol\u00f3gico de Sorocaba<\/p><\/div>\n","protected":false},"excerpt":{"rendered":"<p>Em novembro de 2016, o Dr. Marcelo Palis Ventura, presidente da SBG &#8211; Sociedade Brasileira de Glaucoma, participou de uma reuni\u00e3o com a equipe do Minist\u00e9rio da Sa\u00fade para tratar do Programa de Preven\u00e7\u00e3o da Cegueira pelo Glaucoma. O principal t\u00f3pico abordado foi o programa de diagn\u00f3stico e tratamento do glaucoma realizado pelos servi\u00e7os habilitados [&hellip;]<\/p>\n","protected":false},"author":1,"featured_media":0,"comment_status":"open","ping_status":"open","sticky":false,"template":"","format":"standard","meta":{"_acf_changed":false,"_joinchat":[],"footnotes":""},"categories":[44],"tags":[],"class_list":["post-4469","post","type-post","status-publish","format-standard","hentry","category-noticias"],"acf":[],"yoast_head":"<!-- This site is optimized with the Yoast SEO plugin v27.5 - https:\/\/yoast.com\/product\/yoast-seo-wordpress\/ -->\n<title>Reuni\u00e3o entre SBG e Minist\u00e9rio da Sa\u00fade para elabora\u00e7\u00e3o do novo protocolo para tratamento do glaucoma - SBG - Sociedade Brasileira de Glaucoma<\/title>\n<meta name=\"robots\" content=\"index, follow, max-snippet:-1, max-image-preview:large, max-video-preview:-1\" \/>\n<link rel=\"canonical\" href=\"https:\/\/www.sbglaucoma.org.br\/medico\/sbg-ministerio-da-saude\/\" \/>\n<meta property=\"og:locale\" content=\"pt_BR\" \/>\n<meta property=\"og:type\" content=\"article\" \/>\n<meta property=\"og:title\" content=\"Reuni\u00e3o entre SBG e Minist\u00e9rio da Sa\u00fade para elabora\u00e7\u00e3o do novo protocolo para tratamento do glaucoma - SBG - Sociedade Brasileira de Glaucoma\" \/>\n<meta property=\"og:description\" content=\"Em novembro de 2016, o Dr. Marcelo Palis Ventura, presidente da SBG &#8211; Sociedade Brasileira de Glaucoma, participou de uma reuni\u00e3o com a equipe do Minist\u00e9rio da Sa\u00fade para tratar do Programa de Preven\u00e7\u00e3o da Cegueira pelo Glaucoma. O principal t\u00f3pico abordado foi o programa de diagn\u00f3stico e tratamento do glaucoma realizado pelos servi\u00e7os habilitados [&hellip;]\" \/>\n<meta property=\"og:url\" content=\"https:\/\/www.sbglaucoma.org.br\/medico\/sbg-ministerio-da-saude\/\" \/>\n<meta property=\"og:site_name\" content=\"SBG - Sociedade Brasileira de Glaucoma\" \/>\n<meta property=\"article:published_time\" content=\"2016-11-28T21:24:48+00:00\" \/>\n<meta property=\"article:modified_time\" content=\"2016-12-05T19:06:22+00:00\" \/>\n<meta property=\"og:image\" content=\"https:\/\/sbglaucoma2.websiteseguro.com\/medico\/wp-content\/uploads\/2016\/11\/foto_sbg.jpg\" \/>\n<meta name=\"author\" content=\"Ricardo\" \/>\n<meta name=\"twitter:card\" content=\"summary_large_image\" \/>\n<meta name=\"twitter:label1\" content=\"Escrito por\" \/>\n\t<meta name=\"twitter:data1\" content=\"Ricardo\" \/>\n\t<meta name=\"twitter:label2\" content=\"Est. tempo de leitura\" \/>\n\t<meta name=\"twitter:data2\" content=\"1 minuto\" \/>\n<script type=\"application\/ld+json\" class=\"yoast-schema-graph\">{\"@context\":\"https:\\\/\\\/schema.org\",\"@graph\":[{\"@type\":\"Article\",\"@id\":\"https:\\\/\\\/www.sbglaucoma.org.br\\\/medico\\\/sbg-ministerio-da-saude\\\/#article\",\"isPartOf\":{\"@id\":\"https:\\\/\\\/www.sbglaucoma.org.br\\\/medico\\\/sbg-ministerio-da-saude\\\/\"},\"author\":{\"name\":\"Ricardo\",\"@id\":\"https:\\\/\\\/www.sbglaucoma.org.br\\\/medico\\\/#\\\/schema\\\/person\\\/3b5653b1267e6a6d05de21f0ebd8e3c2\"},\"headline\":\"Reuni\u00e3o entre SBG e Minist\u00e9rio da Sa\u00fade para elabora\u00e7\u00e3o do novo protocolo para tratamento do glaucoma\",\"datePublished\":\"2016-11-28T21:24:48+00:00\",\"dateModified\":\"2016-12-05T19:06:22+00:00\",\"mainEntityOfPage\":{\"@id\":\"https:\\\/\\\/www.sbglaucoma.org.br\\\/medico\\\/sbg-ministerio-da-saude\\\/\"},\"wordCount\":187,\"commentCount\":0,\"image\":{\"@id\":\"https:\\\/\\\/www.sbglaucoma.org.br\\\/medico\\\/sbg-ministerio-da-saude\\\/#primaryimage\"},\"thumbnailUrl\":\"https:\\\/\\\/sbglaucoma.org.br\\\/medico\\\/wp-content\\\/uploads\\\/2016\\\/11\\\/foto_sbg.jpg\",\"articleSection\":[\"Not\u00edcias\"],\"inLanguage\":\"pt-BR\",\"potentialAction\":[{\"@type\":\"CommentAction\",\"name\":\"Comment\",\"target\":[\"https:\\\/\\\/www.sbglaucoma.org.br\\\/medico\\\/sbg-ministerio-da-saude\\\/#respond\"]}]},{\"@type\":\"WebPage\",\"@id\":\"https:\\\/\\\/www.sbglaucoma.org.br\\\/medico\\\/sbg-ministerio-da-saude\\\/\",\"url\":\"https:\\\/\\\/www.sbglaucoma.org.br\\\/medico\\\/sbg-ministerio-da-saude\\\/\",\"name\":\"Reuni\u00e3o entre SBG e Minist\u00e9rio da Sa\u00fade para elabora\u00e7\u00e3o do novo protocolo para tratamento do glaucoma - SBG - Sociedade Brasileira de Glaucoma\",\"isPartOf\":{\"@id\":\"https:\\\/\\\/www.sbglaucoma.org.br\\\/medico\\\/#website\"},\"primaryImageOfPage\":{\"@id\":\"https:\\\/\\\/www.sbglaucoma.org.br\\\/medico\\\/sbg-ministerio-da-saude\\\/#primaryimage\"},\"image\":{\"@id\":\"https:\\\/\\\/www.sbglaucoma.org.br\\\/medico\\\/sbg-ministerio-da-saude\\\/#primaryimage\"},\"thumbnailUrl\":\"https:\\\/\\\/sbglaucoma.org.br\\\/medico\\\/wp-content\\\/uploads\\\/2016\\\/11\\\/foto_sbg.jpg\",\"datePublished\":\"2016-11-28T21:24:48+00:00\",\"dateModified\":\"2016-12-05T19:06:22+00:00\",\"author\":{\"@id\":\"https:\\\/\\\/www.sbglaucoma.org.br\\\/medico\\\/#\\\/schema\\\/person\\\/3b5653b1267e6a6d05de21f0ebd8e3c2\"},\"breadcrumb\":{\"@id\":\"https:\\\/\\\/www.sbglaucoma.org.br\\\/medico\\\/sbg-ministerio-da-saude\\\/#breadcrumb\"},\"inLanguage\":\"pt-BR\",\"potentialAction\":[{\"@type\":\"ReadAction\",\"target\":[\"https:\\\/\\\/www.sbglaucoma.org.br\\\/medico\\\/sbg-ministerio-da-saude\\\/\"]}]},{\"@type\":\"ImageObject\",\"inLanguage\":\"pt-BR\",\"@id\":\"https:\\\/\\\/www.sbglaucoma.org.br\\\/medico\\\/sbg-ministerio-da-saude\\\/#primaryimage\",\"url\":\"https:\\\/\\\/sbglaucoma.org.br\\\/medico\\\/wp-content\\\/uploads\\\/2016\\\/11\\\/foto_sbg.jpg\",\"contentUrl\":\"https:\\\/\\\/sbglaucoma.org.br\\\/medico\\\/wp-content\\\/uploads\\\/2016\\\/11\\\/foto_sbg.jpg\"},{\"@type\":\"BreadcrumbList\",\"@id\":\"https:\\\/\\\/www.sbglaucoma.org.br\\\/medico\\\/sbg-ministerio-da-saude\\\/#breadcrumb\",\"itemListElement\":[{\"@type\":\"ListItem\",\"position\":1,\"name\":\"In\u00edcio\",\"item\":\"https:\\\/\\\/www.sbglaucoma.org.br\\\/medico\\\/\"},{\"@type\":\"ListItem\",\"position\":2,\"name\":\"Reuni\u00e3o entre SBG e Minist\u00e9rio da Sa\u00fade para elabora\u00e7\u00e3o do novo protocolo para tratamento do glaucoma\"}]},{\"@type\":\"WebSite\",\"@id\":\"https:\\\/\\\/www.sbglaucoma.org.br\\\/medico\\\/#website\",\"url\":\"https:\\\/\\\/www.sbglaucoma.org.br\\\/medico\\\/\",\"name\":\"SBG - Sociedade Brasileira de Glaucoma\",\"description\":\"\",\"potentialAction\":[{\"@type\":\"SearchAction\",\"target\":{\"@type\":\"EntryPoint\",\"urlTemplate\":\"https:\\\/\\\/www.sbglaucoma.org.br\\\/medico\\\/?s={search_term_string}\"},\"query-input\":{\"@type\":\"PropertyValueSpecification\",\"valueRequired\":true,\"valueName\":\"search_term_string\"}}],\"inLanguage\":\"pt-BR\"},{\"@type\":\"Person\",\"@id\":\"https:\\\/\\\/www.sbglaucoma.org.br\\\/medico\\\/#\\\/schema\\\/person\\\/3b5653b1267e6a6d05de21f0ebd8e3c2\",\"name\":\"Ricardo\",\"image\":{\"@type\":\"ImageObject\",\"inLanguage\":\"pt-BR\",\"@id\":\"https:\\\/\\\/secure.gravatar.com\\\/avatar\\\/44920876e908c0295955ee29232efe54c5c4ae3c36c5fc42ce7d3fba63ad79e4?s=96&d=mm&r=g\",\"url\":\"https:\\\/\\\/secure.gravatar.com\\\/avatar\\\/44920876e908c0295955ee29232efe54c5c4ae3c36c5fc42ce7d3fba63ad79e4?s=96&d=mm&r=g\",\"contentUrl\":\"https:\\\/\\\/secure.gravatar.com\\\/avatar\\\/44920876e908c0295955ee29232efe54c5c4ae3c36c5fc42ce7d3fba63ad79e4?s=96&d=mm&r=g\",\"caption\":\"Ricardo\"},\"url\":\"https:\\\/\\\/www.sbglaucoma.org.br\\\/medico\\\/author\\\/ricardo\\\/\"}]}<\/script>\n<!-- \/ Yoast SEO plugin. -->","yoast_head_json":{"title":"Reuni\u00e3o entre SBG e Minist\u00e9rio da Sa\u00fade para elabora\u00e7\u00e3o do novo protocolo para tratamento do glaucoma - SBG - Sociedade Brasileira de Glaucoma","robots":{"index":"index","follow":"follow","max-snippet":"max-snippet:-1","max-image-preview":"max-image-preview:large","max-video-preview":"max-video-preview:-1"},"canonical":"https:\/\/www.sbglaucoma.org.br\/medico\/sbg-ministerio-da-saude\/","og_locale":"pt_BR","og_type":"article","og_title":"Reuni\u00e3o entre SBG e Minist\u00e9rio da Sa\u00fade para elabora\u00e7\u00e3o do novo protocolo para tratamento do glaucoma - SBG - Sociedade Brasileira de Glaucoma","og_description":"Em novembro de 2016, o Dr. Marcelo Palis Ventura, presidente da SBG &#8211; Sociedade Brasileira de Glaucoma, participou de uma reuni\u00e3o com a equipe do Minist\u00e9rio da Sa\u00fade para tratar do Programa de Preven\u00e7\u00e3o da Cegueira pelo Glaucoma. O principal t\u00f3pico abordado foi o programa de diagn\u00f3stico e tratamento do glaucoma realizado pelos servi\u00e7os habilitados [&hellip;]","og_url":"https:\/\/www.sbglaucoma.org.br\/medico\/sbg-ministerio-da-saude\/","og_site_name":"SBG - Sociedade Brasileira de Glaucoma","article_published_time":"2016-11-28T21:24:48+00:00","article_modified_time":"2016-12-05T19:06:22+00:00","og_image":[{"url":"https:\/\/sbglaucoma2.websiteseguro.com\/medico\/wp-content\/uploads\/2016\/11\/foto_sbg.jpg","type":"","width":"","height":""}],"author":"Ricardo","twitter_card":"summary_large_image","twitter_misc":{"Escrito por":"Ricardo","Est. tempo de leitura":"1 minuto"},"schema":{"@context":"https:\/\/schema.org","@graph":[{"@type":"Article","@id":"https:\/\/www.sbglaucoma.org.br\/medico\/sbg-ministerio-da-saude\/#article","isPartOf":{"@id":"https:\/\/www.sbglaucoma.org.br\/medico\/sbg-ministerio-da-saude\/"},"author":{"name":"Ricardo","@id":"https:\/\/www.sbglaucoma.org.br\/medico\/#\/schema\/person\/3b5653b1267e6a6d05de21f0ebd8e3c2"},"headline":"Reuni\u00e3o entre SBG e Minist\u00e9rio da Sa\u00fade para elabora\u00e7\u00e3o do novo protocolo para tratamento do glaucoma","datePublished":"2016-11-28T21:24:48+00:00","dateModified":"2016-12-05T19:06:22+00:00","mainEntityOfPage":{"@id":"https:\/\/www.sbglaucoma.org.br\/medico\/sbg-ministerio-da-saude\/"},"wordCount":187,"commentCount":0,"image":{"@id":"https:\/\/www.sbglaucoma.org.br\/medico\/sbg-ministerio-da-saude\/#primaryimage"},"thumbnailUrl":"https:\/\/sbglaucoma.org.br\/medico\/wp-content\/uploads\/2016\/11\/foto_sbg.jpg","articleSection":["Not\u00edcias"],"inLanguage":"pt-BR","potentialAction":[{"@type":"CommentAction","name":"Comment","target":["https:\/\/www.sbglaucoma.org.br\/medico\/sbg-ministerio-da-saude\/#respond"]}]},{"@type":"WebPage","@id":"https:\/\/www.sbglaucoma.org.br\/medico\/sbg-ministerio-da-saude\/","url":"https:\/\/www.sbglaucoma.org.br\/medico\/sbg-ministerio-da-saude\/","name":"Reuni\u00e3o entre SBG e Minist\u00e9rio da Sa\u00fade para elabora\u00e7\u00e3o do novo protocolo para tratamento do glaucoma - SBG - Sociedade Brasileira de Glaucoma","isPartOf":{"@id":"https:\/\/www.sbglaucoma.org.br\/medico\/#website"},"primaryImageOfPage":{"@id":"https:\/\/www.sbglaucoma.org.br\/medico\/sbg-ministerio-da-saude\/#primaryimage"},"image":{"@id":"https:\/\/www.sbglaucoma.org.br\/medico\/sbg-ministerio-da-saude\/#primaryimage"},"thumbnailUrl":"https:\/\/sbglaucoma.org.br\/medico\/wp-content\/uploads\/2016\/11\/foto_sbg.jpg","datePublished":"2016-11-28T21:24:48+00:00","dateModified":"2016-12-05T19:06:22+00:00","author":{"@id":"https:\/\/www.sbglaucoma.org.br\/medico\/#\/schema\/person\/3b5653b1267e6a6d05de21f0ebd8e3c2"},"breadcrumb":{"@id":"https:\/\/www.sbglaucoma.org.br\/medico\/sbg-ministerio-da-saude\/#breadcrumb"},"inLanguage":"pt-BR","potentialAction":[{"@type":"ReadAction","target":["https:\/\/www.sbglaucoma.org.br\/medico\/sbg-ministerio-da-saude\/"]}]},{"@type":"ImageObject","inLanguage":"pt-BR","@id":"https:\/\/www.sbglaucoma.org.br\/medico\/sbg-ministerio-da-saude\/#primaryimage","url":"https:\/\/sbglaucoma.org.br\/medico\/wp-content\/uploads\/2016\/11\/foto_sbg.jpg","contentUrl":"https:\/\/sbglaucoma.org.br\/medico\/wp-content\/uploads\/2016\/11\/foto_sbg.jpg"},{"@type":"BreadcrumbList","@id":"https:\/\/www.sbglaucoma.org.br\/medico\/sbg-ministerio-da-saude\/#breadcrumb","itemListElement":[{"@type":"ListItem","position":1,"name":"In\u00edcio","item":"https:\/\/www.sbglaucoma.org.br\/medico\/"},{"@type":"ListItem","position":2,"name":"Reuni\u00e3o entre SBG e Minist\u00e9rio da Sa\u00fade para elabora\u00e7\u00e3o do novo protocolo para tratamento do glaucoma"}]},{"@type":"WebSite","@id":"https:\/\/www.sbglaucoma.org.br\/medico\/#website","url":"https:\/\/www.sbglaucoma.org.br\/medico\/","name":"SBG - Sociedade Brasileira de Glaucoma","description":"","potentialAction":[{"@type":"SearchAction","target":{"@type":"EntryPoint","urlTemplate":"https:\/\/www.sbglaucoma.org.br\/medico\/?s={search_term_string}"},"query-input":{"@type":"PropertyValueSpecification","valueRequired":true,"valueName":"search_term_string"}}],"inLanguage":"pt-BR"},{"@type":"Person","@id":"https:\/\/www.sbglaucoma.org.br\/medico\/#\/schema\/person\/3b5653b1267e6a6d05de21f0ebd8e3c2","name":"Ricardo","image":{"@type":"ImageObject","inLanguage":"pt-BR","@id":"https:\/\/secure.gravatar.com\/avatar\/44920876e908c0295955ee29232efe54c5c4ae3c36c5fc42ce7d3fba63ad79e4?s=96&d=mm&r=g","url":"https:\/\/secure.gravatar.com\/avatar\/44920876e908c0295955ee29232efe54c5c4ae3c36c5fc42ce7d3fba63ad79e4?s=96&d=mm&r=g","contentUrl":"https:\/\/secure.gravatar.com\/avatar\/44920876e908c0295955ee29232efe54c5c4ae3c36c5fc42ce7d3fba63ad79e4?s=96&d=mm&r=g","caption":"Ricardo"},"url":"https:\/\/www.sbglaucoma.org.br\/medico\/author\/ricardo\/"}]}},"_links":{"self":[{"href":"https:\/\/www.sbglaucoma.org.br\/medico\/wp-json\/wp\/v2\/posts\/4469","targetHints":{"allow":["GET"]}}],"collection":[{"href":"https:\/\/www.sbglaucoma.org.br\/medico\/wp-json\/wp\/v2\/posts"}],"about":[{"href":"https:\/\/www.sbglaucoma.org.br\/medico\/wp-json\/wp\/v2\/types\/post"}],"author":[{"embeddable":true,"href":"https:\/\/www.sbglaucoma.org.br\/medico\/wp-json\/wp\/v2\/users\/1"}],"replies":[{"embeddable":true,"href":"https:\/\/www.sbglaucoma.org.br\/medico\/wp-json\/wp\/v2\/comments?post=4469"}],"version-history":[{"count":5,"href":"https:\/\/www.sbglaucoma.org.br\/medico\/wp-json\/wp\/v2\/posts\/4469\/revisions"}],"predecessor-version":[{"id":4489,"href":"https:\/\/www.sbglaucoma.org.br\/medico\/wp-json\/wp\/v2\/posts\/4469\/revisions\/4489"}],"wp:attachment":[{"href":"https:\/\/www.sbglaucoma.org.br\/medico\/wp-json\/wp\/v2\/media?parent=4469"}],"wp:term":[{"taxonomy":"category","embeddable":true,"href":"https:\/\/www.sbglaucoma.org.br\/medico\/wp-json\/wp\/v2\/categories?post=4469"},{"taxonomy":"post_tag","embeddable":true,"href":"https:\/\/www.sbglaucoma.org.br\/medico\/wp-json\/wp\/v2\/tags?post=4469"}],"curies":[{"name":"wp","href":"https:\/\/api.w.org\/{rel}","templated":true}]}}