{"id":4462,"date":"2016-11-25T18:26:09","date_gmt":"2016-11-25T18:26:09","guid":{"rendered":"https:\/\/sbglaucoma2.websiteseguro.com\/medico\/?p=4462"},"modified":"2019-06-11T12:28:53","modified_gmt":"2019-06-11T15:28:53","slug":"visual-field-change-and-24-hour-iop-related-profile","status":"publish","type":"post","link":"https:\/\/www.sbglaucoma.org.br\/medico\/visual-field-change-and-24-hour-iop-related-profile\/","title":{"rendered":"Visual Field Change and 24-Hour IOP-Related Profile"},"content":{"rendered":"<h3>Visual Field Change and 24-Hour IOP-Related Profile with a Contact Lens Sensor in Treated Glaucoma Patients.<\/h3>\n<div class=\"row-fluid\">\n<div class=\"span6\">\n<p><span class=\"tituloDoutorEsq\"><img loading=\"lazy\" decoding=\"async\" class=\"alignleft size-full wp-image-2862\" src=\"https:\/\/sbglaucoma.org.br\/medico\/wp-content\/uploads\/2016\/12\/andre.png\" alt=\"\" width=\"100\" height=\"120\" \/><strong>Dr. Andr\u00e9 Ven\u00e2ncio<\/strong><br \/>\nEspecialista em Glaucoma pela Universidade Estadual de Campinas (UNICAMP); Preceptor da Resid\u00eancia M\u00e9dica em Oftalmologia do Hospital Universit\u00e1rio da Universidade Federal de Juiz de Fora (UFJF)<\/span><\/p>\n<\/div>\n<div class=\"span6\"><span class=\"tituloDoutorEsq\"><img loading=\"lazy\" decoding=\"async\" class=\"borderLeft alignleft wp-image-839 size-full\" src=\"https:\/\/sbglaucoma.org.br\/medico\/wp-content\/uploads\/2016\/12\/ricardo.png\" width=\"100\" height=\"120\" \/><strong>Dr. Ricardo A. Paletta Guedes<\/strong><br \/>\nDoutor em Sa\u00fade (UFJF); Mestre em Sa\u00fade P\u00fablica (UFJF); Especialista em Glaucoma (Universidade de Paris).<br \/>\n<\/span><\/div>\n<\/div>\n<p>Ref.: <strong>Visual Field Change and 24-Hour IOP-Related Profile with a Contact Lens Sensor in Treated Glaucoma Patients. <\/strong><br \/>\nAutores: Carlos Gustavo De Moraes, MD, MPH, Jessica V. Jasien, MEn, Sonja Simon-Zoula, PhD, Jeffrey M. Liebmann, MD, Robert Ritch, MD<\/p>\n<p>Publicado no peri\u00f3dico: Ophthalmology. 2016; 123(4):744-53.<\/p>\n<p>&nbsp;<\/p>\n<p>Uma \u00fanica medida isolada n\u00e3o mostra a varia\u00e7\u00e3o di\u00e1ria da press\u00e3o intraocular (PIO) nos pacientes portadores de glaucoma. Mais de 70% dos picos press\u00f3ricos ocorrem durante a noite ou logo pela manh\u00e3 &#8211; per\u00edodos que normalmente n\u00e3o s\u00e3o avaliados rotineiramente nos consult\u00f3rios. A medida de 24h da PIO \u00e9 importante para monitoriza\u00e7\u00e3o do tratamento de pacientes glaucomatosos, podendo teoricamente indicar descontrole da doen\u00e7a antes de progress\u00e3o estrutural ou funcional. Contudo, \u00e9 cara e impratic\u00e1vel de forma rotineira nos consult\u00f3rios.<\/p>\n<p>Um sistema que utiliza uma lente de contato gelatinosa associada a sensores sem fio (CLS &#8211; Sensimed Triggerfish; Sensimed AG, Lausanne, Switzerland) foi desenvolvida para fazer capturas das mudan\u00e7as circunferenciais do globo ocular que ocorrem espontaneamente ap\u00f3s altera\u00e7\u00f5es do volume do globo. Existe evid\u00eancia que esta medida apresenta boa correla\u00e7\u00e3o com a medida da PIO. Liu et al mostrou que h\u00e1 correla\u00e7\u00e3o estat\u00edstica entre a avalia\u00e7\u00e3o dos picos na medida de 24h com a lente de contato e os picos da PIO obtidos com pneumoton\u00f4metro.<\/p>\n<p><strong>Os autores deste trabalho realizaram o primeiro estudo cl\u00ednico tentando correlacionar as medidas obtidas com a lente de contato e a taxa de progress\u00e3o do campo visual (CV).<\/strong><\/p>\n<p>O presente estudo incluiu 40 indiv\u00edduos com glaucoma prim\u00e1rio de \u00e2ngulo aberto (GPAA) em tratamento e em acompanhamento por no m\u00ednimo 2 anos (com no m\u00ednimo 8 exames de perimetria), com idade variando entre 40 e 89 anos, e cujas medidas da PIO no per\u00edodo avaliado eram menores de 20mmHg ou tinham m\u00e9dia igual ou menor que 16mmHg. O objetivo principal era avaliar se os par\u00e2metros obtidos com a lente de contato (n\u00famero de picos largos, m\u00e9dia de picos m\u00e9dios, inclina\u00e7\u00e3o wake-to-sleep, amplitude, \u00e1rea sob a curva e a variabilidade da m\u00e9dia) estariam relacionados com mudan\u00e7a do Mean Deviation (MD) do CV.<\/p>\n<p>Os autores encontraram que o n\u00famero de picos longos e a m\u00e9dia de picos obtidos com a lente de contato, quando os pacientes estavam acordados, eram os melhores preditores de progress\u00e3o r\u00e1pida do CV.<\/p>\n<p><strong>O uso de uma combina\u00e7\u00e3o de par\u00e2metros obtidos pela medida em 24h com a lente de contato apresentou uma melhor capacidade de identificar uma progress\u00e3o do CV quando comparada com os par\u00e2metros de PIO medidas pelo Goldmann (m\u00e9dia, pico e flutua\u00e7\u00e3o) no mesmo per\u00edodo. No modelo estat\u00edstico para avaliar a correla\u00e7\u00e3o entre os par\u00e2metros da Lente de contato ou das medidas da PIO (ton\u00f4metro de Goldmann) com a taxa de progress\u00e3o mostra que o valor do R2 foi de 0,409 para a lente de contato e de 0,168 para o ton\u00f4metro de Goldmann, mostrando que a performance da lente de contato foi superior. <\/strong><\/p>\n<p><span class=\"destaqueBgVerdeFloat\"><br \/>\nOs autores concluem que apesar de o sistema de lente de contato n\u00e3o medir diretamente a PIO, as medidas obtidas com esta nova tecnologia, al\u00e9m de se correlacionarem bem com a pr\u00f3pria medida da PIO, podem ser capazes de identificar pacientes com progress\u00e3o funcional no CV. <\/span><\/p>\n<p>Os autores concluem que apesar de o sistema de lente de contato n\u00e3o medir diretamente a PIO, as medidas obtidas com esta nova tecnologia, al\u00e9m de se correlacionarem bem com a pr\u00f3pria medida da PIO, podem ser capazes de identificar pacientes com progress\u00e3o funcional no CV.<\/p>\n","protected":false},"excerpt":{"rendered":"<p>Visual Field Change and 24-Hour IOP-Related Profile with a Contact Lens Sensor in Treated Glaucoma Patients. Dr. Andr\u00e9 Ven\u00e2ncio Especialista em Glaucoma pela Universidade Estadual de Campinas (UNICAMP); Preceptor da Resid\u00eancia M\u00e9dica em Oftalmologia do Hospital Universit\u00e1rio da Universidade Federal de Juiz de Fora (UFJF) Dr. Ricardo A. Paletta Guedes Doutor em Sa\u00fade (UFJF); Mestre [&hellip;]<\/p>\n","protected":false},"author":1,"featured_media":0,"comment_status":"open","ping_status":"open","sticky":false,"template":"","format":"standard","meta":{"_acf_changed":false,"_joinchat":[],"footnotes":""},"categories":[1],"tags":[],"class_list":["post-4462","post","type-post","status-publish","format-standard","hentry","category-sem-categoria"],"acf":[],"yoast_head":"<!-- This site is optimized with the Yoast SEO plugin v27.5 - https:\/\/yoast.com\/product\/yoast-seo-wordpress\/ -->\n<title>Visual Field Change and 24-Hour IOP-Related Profile - SBG - Sociedade Brasileira de Glaucoma<\/title>\n<meta name=\"robots\" content=\"index, follow, max-snippet:-1, max-image-preview:large, max-video-preview:-1\" \/>\n<link rel=\"canonical\" href=\"https:\/\/www.sbglaucoma.org.br\/medico\/visual-field-change-and-24-hour-iop-related-profile\/\" \/>\n<meta property=\"og:locale\" content=\"pt_BR\" \/>\n<meta property=\"og:type\" content=\"article\" \/>\n<meta property=\"og:title\" content=\"Visual Field Change and 24-Hour IOP-Related Profile - SBG - Sociedade Brasileira de Glaucoma\" \/>\n<meta property=\"og:description\" content=\"Visual Field Change and 24-Hour IOP-Related Profile with a Contact Lens Sensor in Treated Glaucoma Patients. Dr. Andr\u00e9 Ven\u00e2ncio Especialista em Glaucoma pela Universidade Estadual de Campinas (UNICAMP); Preceptor da Resid\u00eancia M\u00e9dica em Oftalmologia do Hospital Universit\u00e1rio da Universidade Federal de Juiz de Fora (UFJF) Dr. Ricardo A. Paletta Guedes Doutor em Sa\u00fade (UFJF); Mestre [&hellip;]\" \/>\n<meta property=\"og:url\" content=\"https:\/\/www.sbglaucoma.org.br\/medico\/visual-field-change-and-24-hour-iop-related-profile\/\" \/>\n<meta property=\"og:site_name\" content=\"SBG - Sociedade Brasileira de Glaucoma\" \/>\n<meta property=\"article:published_time\" content=\"2016-11-25T18:26:09+00:00\" \/>\n<meta property=\"article:modified_time\" content=\"2019-06-11T15:28:53+00:00\" \/>\n<meta property=\"og:image\" content=\"https:\/\/sbglaucoma2.websiteseguro.com\/medico\/wp-content\/uploads\/2016\/12\/andre.png\" \/>\n<meta name=\"author\" content=\"Ricardo\" \/>\n<meta name=\"twitter:card\" content=\"summary_large_image\" \/>\n<meta name=\"twitter:label1\" content=\"Escrito por\" \/>\n\t<meta name=\"twitter:data1\" content=\"Ricardo\" \/>\n\t<meta name=\"twitter:label2\" content=\"Est. tempo de leitura\" \/>\n\t<meta name=\"twitter:data2\" content=\"3 minutos\" \/>\n<script type=\"application\/ld+json\" class=\"yoast-schema-graph\">{\"@context\":\"https:\\\/\\\/schema.org\",\"@graph\":[{\"@type\":\"Article\",\"@id\":\"https:\\\/\\\/www.sbglaucoma.org.br\\\/medico\\\/visual-field-change-and-24-hour-iop-related-profile\\\/#article\",\"isPartOf\":{\"@id\":\"https:\\\/\\\/www.sbglaucoma.org.br\\\/medico\\\/visual-field-change-and-24-hour-iop-related-profile\\\/\"},\"author\":{\"name\":\"Ricardo\",\"@id\":\"https:\\\/\\\/www.sbglaucoma.org.br\\\/medico\\\/#\\\/schema\\\/person\\\/3b5653b1267e6a6d05de21f0ebd8e3c2\"},\"headline\":\"Visual Field Change and 24-Hour IOP-Related Profile\",\"datePublished\":\"2016-11-25T18:26:09+00:00\",\"dateModified\":\"2019-06-11T15:28:53+00:00\",\"mainEntityOfPage\":{\"@id\":\"https:\\\/\\\/www.sbglaucoma.org.br\\\/medico\\\/visual-field-change-and-24-hour-iop-related-profile\\\/\"},\"wordCount\":700,\"commentCount\":0,\"image\":{\"@id\":\"https:\\\/\\\/www.sbglaucoma.org.br\\\/medico\\\/visual-field-change-and-24-hour-iop-related-profile\\\/#primaryimage\"},\"thumbnailUrl\":\"https:\\\/\\\/sbglaucoma.org.br\\\/medico\\\/wp-content\\\/uploads\\\/2016\\\/12\\\/andre.png\",\"inLanguage\":\"pt-BR\",\"potentialAction\":[{\"@type\":\"CommentAction\",\"name\":\"Comment\",\"target\":[\"https:\\\/\\\/www.sbglaucoma.org.br\\\/medico\\\/visual-field-change-and-24-hour-iop-related-profile\\\/#respond\"]}]},{\"@type\":\"WebPage\",\"@id\":\"https:\\\/\\\/www.sbglaucoma.org.br\\\/medico\\\/visual-field-change-and-24-hour-iop-related-profile\\\/\",\"url\":\"https:\\\/\\\/www.sbglaucoma.org.br\\\/medico\\\/visual-field-change-and-24-hour-iop-related-profile\\\/\",\"name\":\"Visual Field Change and 24-Hour IOP-Related Profile - SBG - Sociedade Brasileira de Glaucoma\",\"isPartOf\":{\"@id\":\"https:\\\/\\\/www.sbglaucoma.org.br\\\/medico\\\/#website\"},\"primaryImageOfPage\":{\"@id\":\"https:\\\/\\\/www.sbglaucoma.org.br\\\/medico\\\/visual-field-change-and-24-hour-iop-related-profile\\\/#primaryimage\"},\"image\":{\"@id\":\"https:\\\/\\\/www.sbglaucoma.org.br\\\/medico\\\/visual-field-change-and-24-hour-iop-related-profile\\\/#primaryimage\"},\"thumbnailUrl\":\"https:\\\/\\\/sbglaucoma.org.br\\\/medico\\\/wp-content\\\/uploads\\\/2016\\\/12\\\/andre.png\",\"datePublished\":\"2016-11-25T18:26:09+00:00\",\"dateModified\":\"2019-06-11T15:28:53+00:00\",\"author\":{\"@id\":\"https:\\\/\\\/www.sbglaucoma.org.br\\\/medico\\\/#\\\/schema\\\/person\\\/3b5653b1267e6a6d05de21f0ebd8e3c2\"},\"breadcrumb\":{\"@id\":\"https:\\\/\\\/www.sbglaucoma.org.br\\\/medico\\\/visual-field-change-and-24-hour-iop-related-profile\\\/#breadcrumb\"},\"inLanguage\":\"pt-BR\",\"potentialAction\":[{\"@type\":\"ReadAction\",\"target\":[\"https:\\\/\\\/www.sbglaucoma.org.br\\\/medico\\\/visual-field-change-and-24-hour-iop-related-profile\\\/\"]}]},{\"@type\":\"ImageObject\",\"inLanguage\":\"pt-BR\",\"@id\":\"https:\\\/\\\/www.sbglaucoma.org.br\\\/medico\\\/visual-field-change-and-24-hour-iop-related-profile\\\/#primaryimage\",\"url\":\"https:\\\/\\\/sbglaucoma.org.br\\\/medico\\\/wp-content\\\/uploads\\\/2016\\\/12\\\/andre.png\",\"contentUrl\":\"https:\\\/\\\/sbglaucoma.org.br\\\/medico\\\/wp-content\\\/uploads\\\/2016\\\/12\\\/andre.png\"},{\"@type\":\"BreadcrumbList\",\"@id\":\"https:\\\/\\\/www.sbglaucoma.org.br\\\/medico\\\/visual-field-change-and-24-hour-iop-related-profile\\\/#breadcrumb\",\"itemListElement\":[{\"@type\":\"ListItem\",\"position\":1,\"name\":\"In\u00edcio\",\"item\":\"https:\\\/\\\/www.sbglaucoma.org.br\\\/medico\\\/\"},{\"@type\":\"ListItem\",\"position\":2,\"name\":\"Visual Field Change and 24-Hour IOP-Related Profile\"}]},{\"@type\":\"WebSite\",\"@id\":\"https:\\\/\\\/www.sbglaucoma.org.br\\\/medico\\\/#website\",\"url\":\"https:\\\/\\\/www.sbglaucoma.org.br\\\/medico\\\/\",\"name\":\"SBG - Sociedade Brasileira de Glaucoma\",\"description\":\"\",\"potentialAction\":[{\"@type\":\"SearchAction\",\"target\":{\"@type\":\"EntryPoint\",\"urlTemplate\":\"https:\\\/\\\/www.sbglaucoma.org.br\\\/medico\\\/?s={search_term_string}\"},\"query-input\":{\"@type\":\"PropertyValueSpecification\",\"valueRequired\":true,\"valueName\":\"search_term_string\"}}],\"inLanguage\":\"pt-BR\"},{\"@type\":\"Person\",\"@id\":\"https:\\\/\\\/www.sbglaucoma.org.br\\\/medico\\\/#\\\/schema\\\/person\\\/3b5653b1267e6a6d05de21f0ebd8e3c2\",\"name\":\"Ricardo\",\"image\":{\"@type\":\"ImageObject\",\"inLanguage\":\"pt-BR\",\"@id\":\"https:\\\/\\\/secure.gravatar.com\\\/avatar\\\/44920876e908c0295955ee29232efe54c5c4ae3c36c5fc42ce7d3fba63ad79e4?s=96&d=mm&r=g\",\"url\":\"https:\\\/\\\/secure.gravatar.com\\\/avatar\\\/44920876e908c0295955ee29232efe54c5c4ae3c36c5fc42ce7d3fba63ad79e4?s=96&d=mm&r=g\",\"contentUrl\":\"https:\\\/\\\/secure.gravatar.com\\\/avatar\\\/44920876e908c0295955ee29232efe54c5c4ae3c36c5fc42ce7d3fba63ad79e4?s=96&d=mm&r=g\",\"caption\":\"Ricardo\"},\"url\":\"https:\\\/\\\/www.sbglaucoma.org.br\\\/medico\\\/author\\\/ricardo\\\/\"}]}<\/script>\n<!-- \/ Yoast SEO plugin. -->","yoast_head_json":{"title":"Visual Field Change and 24-Hour IOP-Related Profile - SBG - Sociedade Brasileira de Glaucoma","robots":{"index":"index","follow":"follow","max-snippet":"max-snippet:-1","max-image-preview":"max-image-preview:large","max-video-preview":"max-video-preview:-1"},"canonical":"https:\/\/www.sbglaucoma.org.br\/medico\/visual-field-change-and-24-hour-iop-related-profile\/","og_locale":"pt_BR","og_type":"article","og_title":"Visual Field Change and 24-Hour IOP-Related Profile - SBG - Sociedade Brasileira de Glaucoma","og_description":"Visual Field Change and 24-Hour IOP-Related Profile with a Contact Lens Sensor in Treated Glaucoma Patients. Dr. Andr\u00e9 Ven\u00e2ncio Especialista em Glaucoma pela Universidade Estadual de Campinas (UNICAMP); Preceptor da Resid\u00eancia M\u00e9dica em Oftalmologia do Hospital Universit\u00e1rio da Universidade Federal de Juiz de Fora (UFJF) Dr. Ricardo A. Paletta Guedes Doutor em Sa\u00fade (UFJF); Mestre [&hellip;]","og_url":"https:\/\/www.sbglaucoma.org.br\/medico\/visual-field-change-and-24-hour-iop-related-profile\/","og_site_name":"SBG - Sociedade Brasileira de Glaucoma","article_published_time":"2016-11-25T18:26:09+00:00","article_modified_time":"2019-06-11T15:28:53+00:00","og_image":[{"url":"https:\/\/sbglaucoma2.websiteseguro.com\/medico\/wp-content\/uploads\/2016\/12\/andre.png","type":"","width":"","height":""}],"author":"Ricardo","twitter_card":"summary_large_image","twitter_misc":{"Escrito por":"Ricardo","Est. tempo de leitura":"3 minutos"},"schema":{"@context":"https:\/\/schema.org","@graph":[{"@type":"Article","@id":"https:\/\/www.sbglaucoma.org.br\/medico\/visual-field-change-and-24-hour-iop-related-profile\/#article","isPartOf":{"@id":"https:\/\/www.sbglaucoma.org.br\/medico\/visual-field-change-and-24-hour-iop-related-profile\/"},"author":{"name":"Ricardo","@id":"https:\/\/www.sbglaucoma.org.br\/medico\/#\/schema\/person\/3b5653b1267e6a6d05de21f0ebd8e3c2"},"headline":"Visual Field Change and 24-Hour IOP-Related Profile","datePublished":"2016-11-25T18:26:09+00:00","dateModified":"2019-06-11T15:28:53+00:00","mainEntityOfPage":{"@id":"https:\/\/www.sbglaucoma.org.br\/medico\/visual-field-change-and-24-hour-iop-related-profile\/"},"wordCount":700,"commentCount":0,"image":{"@id":"https:\/\/www.sbglaucoma.org.br\/medico\/visual-field-change-and-24-hour-iop-related-profile\/#primaryimage"},"thumbnailUrl":"https:\/\/sbglaucoma.org.br\/medico\/wp-content\/uploads\/2016\/12\/andre.png","inLanguage":"pt-BR","potentialAction":[{"@type":"CommentAction","name":"Comment","target":["https:\/\/www.sbglaucoma.org.br\/medico\/visual-field-change-and-24-hour-iop-related-profile\/#respond"]}]},{"@type":"WebPage","@id":"https:\/\/www.sbglaucoma.org.br\/medico\/visual-field-change-and-24-hour-iop-related-profile\/","url":"https:\/\/www.sbglaucoma.org.br\/medico\/visual-field-change-and-24-hour-iop-related-profile\/","name":"Visual Field Change and 24-Hour IOP-Related Profile - SBG - Sociedade Brasileira de Glaucoma","isPartOf":{"@id":"https:\/\/www.sbglaucoma.org.br\/medico\/#website"},"primaryImageOfPage":{"@id":"https:\/\/www.sbglaucoma.org.br\/medico\/visual-field-change-and-24-hour-iop-related-profile\/#primaryimage"},"image":{"@id":"https:\/\/www.sbglaucoma.org.br\/medico\/visual-field-change-and-24-hour-iop-related-profile\/#primaryimage"},"thumbnailUrl":"https:\/\/sbglaucoma.org.br\/medico\/wp-content\/uploads\/2016\/12\/andre.png","datePublished":"2016-11-25T18:26:09+00:00","dateModified":"2019-06-11T15:28:53+00:00","author":{"@id":"https:\/\/www.sbglaucoma.org.br\/medico\/#\/schema\/person\/3b5653b1267e6a6d05de21f0ebd8e3c2"},"breadcrumb":{"@id":"https:\/\/www.sbglaucoma.org.br\/medico\/visual-field-change-and-24-hour-iop-related-profile\/#breadcrumb"},"inLanguage":"pt-BR","potentialAction":[{"@type":"ReadAction","target":["https:\/\/www.sbglaucoma.org.br\/medico\/visual-field-change-and-24-hour-iop-related-profile\/"]}]},{"@type":"ImageObject","inLanguage":"pt-BR","@id":"https:\/\/www.sbglaucoma.org.br\/medico\/visual-field-change-and-24-hour-iop-related-profile\/#primaryimage","url":"https:\/\/sbglaucoma.org.br\/medico\/wp-content\/uploads\/2016\/12\/andre.png","contentUrl":"https:\/\/sbglaucoma.org.br\/medico\/wp-content\/uploads\/2016\/12\/andre.png"},{"@type":"BreadcrumbList","@id":"https:\/\/www.sbglaucoma.org.br\/medico\/visual-field-change-and-24-hour-iop-related-profile\/#breadcrumb","itemListElement":[{"@type":"ListItem","position":1,"name":"In\u00edcio","item":"https:\/\/www.sbglaucoma.org.br\/medico\/"},{"@type":"ListItem","position":2,"name":"Visual Field Change and 24-Hour IOP-Related Profile"}]},{"@type":"WebSite","@id":"https:\/\/www.sbglaucoma.org.br\/medico\/#website","url":"https:\/\/www.sbglaucoma.org.br\/medico\/","name":"SBG - Sociedade Brasileira de Glaucoma","description":"","potentialAction":[{"@type":"SearchAction","target":{"@type":"EntryPoint","urlTemplate":"https:\/\/www.sbglaucoma.org.br\/medico\/?s={search_term_string}"},"query-input":{"@type":"PropertyValueSpecification","valueRequired":true,"valueName":"search_term_string"}}],"inLanguage":"pt-BR"},{"@type":"Person","@id":"https:\/\/www.sbglaucoma.org.br\/medico\/#\/schema\/person\/3b5653b1267e6a6d05de21f0ebd8e3c2","name":"Ricardo","image":{"@type":"ImageObject","inLanguage":"pt-BR","@id":"https:\/\/secure.gravatar.com\/avatar\/44920876e908c0295955ee29232efe54c5c4ae3c36c5fc42ce7d3fba63ad79e4?s=96&d=mm&r=g","url":"https:\/\/secure.gravatar.com\/avatar\/44920876e908c0295955ee29232efe54c5c4ae3c36c5fc42ce7d3fba63ad79e4?s=96&d=mm&r=g","contentUrl":"https:\/\/secure.gravatar.com\/avatar\/44920876e908c0295955ee29232efe54c5c4ae3c36c5fc42ce7d3fba63ad79e4?s=96&d=mm&r=g","caption":"Ricardo"},"url":"https:\/\/www.sbglaucoma.org.br\/medico\/author\/ricardo\/"}]}},"_links":{"self":[{"href":"https:\/\/www.sbglaucoma.org.br\/medico\/wp-json\/wp\/v2\/posts\/4462","targetHints":{"allow":["GET"]}}],"collection":[{"href":"https:\/\/www.sbglaucoma.org.br\/medico\/wp-json\/wp\/v2\/posts"}],"about":[{"href":"https:\/\/www.sbglaucoma.org.br\/medico\/wp-json\/wp\/v2\/types\/post"}],"author":[{"embeddable":true,"href":"https:\/\/www.sbglaucoma.org.br\/medico\/wp-json\/wp\/v2\/users\/1"}],"replies":[{"embeddable":true,"href":"https:\/\/www.sbglaucoma.org.br\/medico\/wp-json\/wp\/v2\/comments?post=4462"}],"version-history":[{"count":4,"href":"https:\/\/www.sbglaucoma.org.br\/medico\/wp-json\/wp\/v2\/posts\/4462\/revisions"}],"predecessor-version":[{"id":6221,"href":"https:\/\/www.sbglaucoma.org.br\/medico\/wp-json\/wp\/v2\/posts\/4462\/revisions\/6221"}],"wp:attachment":[{"href":"https:\/\/www.sbglaucoma.org.br\/medico\/wp-json\/wp\/v2\/media?parent=4462"}],"wp:term":[{"taxonomy":"category","embeddable":true,"href":"https:\/\/www.sbglaucoma.org.br\/medico\/wp-json\/wp\/v2\/categories?post=4462"},{"taxonomy":"post_tag","embeddable":true,"href":"https:\/\/www.sbglaucoma.org.br\/medico\/wp-json\/wp\/v2\/tags?post=4462"}],"curies":[{"name":"wp","href":"https:\/\/api.w.org\/{rel}","templated":true}]}}