{"id":4455,"date":"2016-11-25T18:01:41","date_gmt":"2016-11-25T20:01:41","guid":{"rendered":"https:\/\/sbglaucoma2.websiteseguro.com\/medico\/?p=4455"},"modified":"2019-06-11T12:24:54","modified_gmt":"2019-06-11T15:24:54","slug":"dynamic-iris-changes-as-a-risk-factor-in-primary-angle-closure-disease","status":"publish","type":"post","link":"https:\/\/www.sbglaucoma.org.br\/medico\/dynamic-iris-changes-as-a-risk-factor-in-primary-angle-closure-disease\/","title":{"rendered":"Dynamic Iris Changes as a Risk Factor in Primary Angle Closure disease"},"content":{"rendered":"<h3>DYNAMIC IRIS CHANGES AS A RISK FACTOR IN PRIMARY ANGLE CLOSURE DISEASE <\/h3>\n<div class=\"row-fluid\">\n<div class=\"span6\"><span class=\"tituloDoutorEsq\"><img loading=\"lazy\" decoding=\"async\" src=\"https:\/\/sbglaucoma.org.br\/medico\/wp-content\/uploads\/2016\/11\/lucas.png\" alt=\"\" width=\"100\" height=\"120\" class=\"alignleft size-full wp-image-2862\" \/><strong>Lucas Almeida Santana<\/strong><br \/>Fellow do Servi\u00e7o de Glaucoma, Irmandade da Santa Casa de Miseric\u00f3rdia de S\u00e3o Paulo<\/p>\n<\/div>\n<div class=\"span6\"><span class=\"tituloDoutorEsq\"><img loading=\"lazy\" decoding=\"async\" class=\"borderLeft alignleft wp-image-839 size-full\"  src=\"https:\/\/sbglaucoma.org.br\/medico\/wp-content\/uploads\/2016\/11\/niro.png\"  width=\"100\" height=\"120\" class=\"alignright size-full wp-image-1065\" \/><strong>Niro Kasahara<\/strong><br \/>Chefe do Servi\u00e7o de Glaucoma, Irmandade da Santa Casa de Miseric\u00f3rdia de S\u00e3o Paulo; Professor Adjunto, Faculdade de Ci\u00eancias M\u00e9dicas da Santa Casa de S\u00e3o Paulo<br \/>\n<\/span>\n<\/div>\n<\/div>\n<p>Ref.: <strong>Zhang Y, Li SZ, Li L, et al. Dynamic Iris Changes as a Risk Factor in Primary Angle Closure disease. Invest Ophthalmol Vis Sci. 2016;57:218\u2013226. <\/strong><\/p>\n<p>&nbsp;<\/p>\n<p>Os fatores de risco tradicionalmente conhecidos para o glaucoma prim\u00e1rio de \u00e2ngulo fechado s\u00e3o c\u00e2mara anterior rasa, comprimento axial pequeno e um cristalino anteriorizado e espesso. Todavia, apesar da preval\u00eancia deste tipo de glaucoma ser mais comum em asi\u00e1ticos do que em caucasianos e negros, n\u00e3o se observa diferen\u00e7a significativa na profundidade da c\u00e2mara anterior entres essas popula\u00e7\u00f5es. Provavelmente outros fatores de risco din\u00e2micos e anat\u00f4micos da \u00edris poderiam estar envolvidos no processo de fechamento angular.<\/p>\n<p>Foram estudados 91 olhos divididos em 3 grupos com 31 pacientes em cada grupo (portadores de doen\u00e7a prim\u00e1ria de \u00e2ngulo fechado &#8211; incluindo portadores de fechamento angular prim\u00e1rio e portadores de glaucoma prim\u00e1rio de \u00e2ngulo fechado, portadores de fatores de risco para fechamento angular e controles normais) usando-se a tomografia de coer\u00eancia \u00f3ptica do segmento anterior. PACS (suspeito de fechamento angular prim\u00e1rio) foi definido como contato irido-trabecular em 2 ou 3 quadrantes. <\/p>\n<p><span class=\"destaqueBgVerdeFloat\"><br \/>\nOs resultados revelaram que olhos suscept\u00edveis ao fechamento angular apresentaram menor redu\u00e7\u00e3o na \u00e1rea do corte transversal da \u00edris em compara\u00e7\u00e3o aos olhos normais quando em midr\u00edase fisiol\u00f3gica, sendo que quanto maior a midr\u00edase nestes \u00faltimos, maior a diminui\u00e7\u00e3o da \u00e1rea avaliada. <\/span><\/p>\n<p>Os resultados revelaram que olhos suscept\u00edveis ao fechamento angular apresentaram menor redu\u00e7\u00e3o na \u00e1rea do corte transversal da \u00edris em compara\u00e7\u00e3o aos olhos normais quando em midr\u00edase fisiol\u00f3gica, sendo que quanto maior a midr\u00edase nestes \u00faltimos, maior a diminui\u00e7\u00e3o da \u00e1rea avaliada. <\/p>\n<p>Outro achado foi a maior a dist\u00e2ncia entre o \u00e1pice anterior do cristalino ao plano oriundo do espor\u00e3o escleral (lens vault) que, quando aumentado, mostrou boa correla\u00e7\u00e3o com olhos suscept\u00edveis ao fechamento do \u00e2ngulo. Embora os autores n\u00e3o fa\u00e7am refer\u00eancia se a presen\u00e7a de lens vault teve alguma rela\u00e7\u00e3o significativa com a din\u00e2mica da \u00edris ou se representa uma vari\u00e1vel independentemente associada ao fechamento angular, eles acreditam que isso ocorre devido um maior contato iridocristaliniano causado pela anterioriza\u00e7\u00e3o do cristalino. Os demais par\u00e2metros estudados, incluindo comprimento axial e tamanho da c\u00e2mara anterior, n\u00e3o foram significativos.<\/p>\n<p>O estudo em quest\u00e3o nos apresenta dados que sugerem que altera\u00e7\u00f5es din\u00e2micas da \u00edris e cristalino anteriorizado tenham realmente influ\u00eancia no fechamento angular.  Aten\u00e7\u00e3o deve ser tomada ao avaliar este estudo transversal, j\u00e1 que o mesmo apresenta uma amostra pequena e todos pacientes s\u00e3o de origem chinesa. Outro ponto a ser destacado \u00e9 o fato de o estudo n\u00e3o ter exclu\u00eddo olhos tratados com iridotomia (os autores n\u00e3o revelaram quantos olhos com iridotomia pr\u00e9via foram inclu\u00eddos), podendo haver um vi\u00e9s importante nos dados. <\/p>\n<p><span class=\"destaqueBgVerdeFloat\">De qualquer forma temos que ter em mente que o fechamento angular \u00e9 um processo multifatorial e mais estudos, principalmente longitudinais, devem ser realizados para melhor compreens\u00e3o desta condi\u00e7\u00e3o.<\/span><\/p>\n<p>De qualquer forma temos que ter em mente que o fechamento angular \u00e9 um processo multifatorial e mais estudos, principalmente longitudinais, devem ser realizados para melhor compreens\u00e3o desta condi\u00e7\u00e3o.<\/p>\n","protected":false},"excerpt":{"rendered":"<p>DYNAMIC IRIS CHANGES AS A RISK FACTOR IN PRIMARY ANGLE CLOSURE DISEASE Lucas Almeida SantanaFellow do Servi\u00e7o de Glaucoma, Irmandade da Santa Casa de Miseric\u00f3rdia de S\u00e3o Paulo Niro KasaharaChefe do Servi\u00e7o de Glaucoma, Irmandade da Santa Casa de Miseric\u00f3rdia de S\u00e3o Paulo; Professor Adjunto, Faculdade de Ci\u00eancias M\u00e9dicas da Santa Casa de S\u00e3o Paulo [&hellip;]<\/p>\n","protected":false},"author":1,"featured_media":0,"comment_status":"open","ping_status":"open","sticky":false,"template":"","format":"standard","meta":{"_acf_changed":false,"_joinchat":[],"footnotes":""},"categories":[1],"tags":[],"class_list":["post-4455","post","type-post","status-publish","format-standard","hentry","category-sem-categoria"],"acf":[],"yoast_head":"<!-- This site is optimized with the Yoast SEO plugin v27.5 - https:\/\/yoast.com\/product\/yoast-seo-wordpress\/ -->\n<title>Dynamic Iris Changes as a Risk Factor in Primary Angle Closure disease - SBG - Sociedade Brasileira de Glaucoma<\/title>\n<meta name=\"robots\" content=\"index, follow, max-snippet:-1, max-image-preview:large, max-video-preview:-1\" \/>\n<link rel=\"canonical\" href=\"https:\/\/www.sbglaucoma.org.br\/medico\/dynamic-iris-changes-as-a-risk-factor-in-primary-angle-closure-disease\/\" \/>\n<meta property=\"og:locale\" content=\"pt_BR\" \/>\n<meta property=\"og:type\" content=\"article\" \/>\n<meta property=\"og:title\" content=\"Dynamic Iris Changes as a Risk Factor in Primary Angle Closure disease - SBG - Sociedade Brasileira de Glaucoma\" \/>\n<meta property=\"og:description\" content=\"DYNAMIC IRIS CHANGES AS A RISK FACTOR IN PRIMARY ANGLE CLOSURE DISEASE Lucas Almeida SantanaFellow do Servi\u00e7o de Glaucoma, Irmandade da Santa Casa de Miseric\u00f3rdia de S\u00e3o Paulo Niro KasaharaChefe do Servi\u00e7o de Glaucoma, Irmandade da Santa Casa de Miseric\u00f3rdia de S\u00e3o Paulo; Professor Adjunto, Faculdade de Ci\u00eancias M\u00e9dicas da Santa Casa de S\u00e3o Paulo [&hellip;]\" \/>\n<meta property=\"og:url\" content=\"https:\/\/www.sbglaucoma.org.br\/medico\/dynamic-iris-changes-as-a-risk-factor-in-primary-angle-closure-disease\/\" \/>\n<meta property=\"og:site_name\" content=\"SBG - Sociedade Brasileira de Glaucoma\" \/>\n<meta property=\"article:published_time\" content=\"2016-11-25T20:01:41+00:00\" \/>\n<meta property=\"article:modified_time\" content=\"2019-06-11T15:24:54+00:00\" \/>\n<meta property=\"og:image\" content=\"https:\/\/sbglaucoma2.websiteseguro.com\/medico\/wp-content\/uploads\/2016\/11\/lucas.png\" \/>\n<meta name=\"author\" content=\"Ricardo\" \/>\n<meta name=\"twitter:card\" content=\"summary_large_image\" \/>\n<meta name=\"twitter:label1\" content=\"Escrito por\" \/>\n\t<meta name=\"twitter:data1\" content=\"Ricardo\" \/>\n\t<meta name=\"twitter:label2\" content=\"Est. tempo de leitura\" \/>\n\t<meta name=\"twitter:data2\" content=\"3 minutos\" \/>\n<script type=\"application\/ld+json\" class=\"yoast-schema-graph\">{\"@context\":\"https:\\\/\\\/schema.org\",\"@graph\":[{\"@type\":\"Article\",\"@id\":\"https:\\\/\\\/www.sbglaucoma.org.br\\\/medico\\\/dynamic-iris-changes-as-a-risk-factor-in-primary-angle-closure-disease\\\/#article\",\"isPartOf\":{\"@id\":\"https:\\\/\\\/www.sbglaucoma.org.br\\\/medico\\\/dynamic-iris-changes-as-a-risk-factor-in-primary-angle-closure-disease\\\/\"},\"author\":{\"name\":\"Ricardo\",\"@id\":\"https:\\\/\\\/www.sbglaucoma.org.br\\\/medico\\\/#\\\/schema\\\/person\\\/3b5653b1267e6a6d05de21f0ebd8e3c2\"},\"headline\":\"Dynamic Iris Changes as a Risk Factor in Primary Angle Closure disease\",\"datePublished\":\"2016-11-25T20:01:41+00:00\",\"dateModified\":\"2019-06-11T15:24:54+00:00\",\"mainEntityOfPage\":{\"@id\":\"https:\\\/\\\/www.sbglaucoma.org.br\\\/medico\\\/dynamic-iris-changes-as-a-risk-factor-in-primary-angle-closure-disease\\\/\"},\"wordCount\":626,\"commentCount\":0,\"image\":{\"@id\":\"https:\\\/\\\/www.sbglaucoma.org.br\\\/medico\\\/dynamic-iris-changes-as-a-risk-factor-in-primary-angle-closure-disease\\\/#primaryimage\"},\"thumbnailUrl\":\"https:\\\/\\\/sbglaucoma.org.br\\\/medico\\\/wp-content\\\/uploads\\\/2016\\\/11\\\/lucas.png\",\"inLanguage\":\"pt-BR\",\"potentialAction\":[{\"@type\":\"CommentAction\",\"name\":\"Comment\",\"target\":[\"https:\\\/\\\/www.sbglaucoma.org.br\\\/medico\\\/dynamic-iris-changes-as-a-risk-factor-in-primary-angle-closure-disease\\\/#respond\"]}]},{\"@type\":\"WebPage\",\"@id\":\"https:\\\/\\\/www.sbglaucoma.org.br\\\/medico\\\/dynamic-iris-changes-as-a-risk-factor-in-primary-angle-closure-disease\\\/\",\"url\":\"https:\\\/\\\/www.sbglaucoma.org.br\\\/medico\\\/dynamic-iris-changes-as-a-risk-factor-in-primary-angle-closure-disease\\\/\",\"name\":\"Dynamic Iris Changes as a Risk Factor in Primary Angle Closure disease - SBG - Sociedade Brasileira de Glaucoma\",\"isPartOf\":{\"@id\":\"https:\\\/\\\/www.sbglaucoma.org.br\\\/medico\\\/#website\"},\"primaryImageOfPage\":{\"@id\":\"https:\\\/\\\/www.sbglaucoma.org.br\\\/medico\\\/dynamic-iris-changes-as-a-risk-factor-in-primary-angle-closure-disease\\\/#primaryimage\"},\"image\":{\"@id\":\"https:\\\/\\\/www.sbglaucoma.org.br\\\/medico\\\/dynamic-iris-changes-as-a-risk-factor-in-primary-angle-closure-disease\\\/#primaryimage\"},\"thumbnailUrl\":\"https:\\\/\\\/sbglaucoma.org.br\\\/medico\\\/wp-content\\\/uploads\\\/2016\\\/11\\\/lucas.png\",\"datePublished\":\"2016-11-25T20:01:41+00:00\",\"dateModified\":\"2019-06-11T15:24:54+00:00\",\"author\":{\"@id\":\"https:\\\/\\\/www.sbglaucoma.org.br\\\/medico\\\/#\\\/schema\\\/person\\\/3b5653b1267e6a6d05de21f0ebd8e3c2\"},\"breadcrumb\":{\"@id\":\"https:\\\/\\\/www.sbglaucoma.org.br\\\/medico\\\/dynamic-iris-changes-as-a-risk-factor-in-primary-angle-closure-disease\\\/#breadcrumb\"},\"inLanguage\":\"pt-BR\",\"potentialAction\":[{\"@type\":\"ReadAction\",\"target\":[\"https:\\\/\\\/www.sbglaucoma.org.br\\\/medico\\\/dynamic-iris-changes-as-a-risk-factor-in-primary-angle-closure-disease\\\/\"]}]},{\"@type\":\"ImageObject\",\"inLanguage\":\"pt-BR\",\"@id\":\"https:\\\/\\\/www.sbglaucoma.org.br\\\/medico\\\/dynamic-iris-changes-as-a-risk-factor-in-primary-angle-closure-disease\\\/#primaryimage\",\"url\":\"https:\\\/\\\/sbglaucoma.org.br\\\/medico\\\/wp-content\\\/uploads\\\/2016\\\/11\\\/lucas.png\",\"contentUrl\":\"https:\\\/\\\/sbglaucoma.org.br\\\/medico\\\/wp-content\\\/uploads\\\/2016\\\/11\\\/lucas.png\"},{\"@type\":\"BreadcrumbList\",\"@id\":\"https:\\\/\\\/www.sbglaucoma.org.br\\\/medico\\\/dynamic-iris-changes-as-a-risk-factor-in-primary-angle-closure-disease\\\/#breadcrumb\",\"itemListElement\":[{\"@type\":\"ListItem\",\"position\":1,\"name\":\"In\u00edcio\",\"item\":\"https:\\\/\\\/www.sbglaucoma.org.br\\\/medico\\\/\"},{\"@type\":\"ListItem\",\"position\":2,\"name\":\"Dynamic Iris Changes as a Risk Factor in Primary Angle Closure disease\"}]},{\"@type\":\"WebSite\",\"@id\":\"https:\\\/\\\/www.sbglaucoma.org.br\\\/medico\\\/#website\",\"url\":\"https:\\\/\\\/www.sbglaucoma.org.br\\\/medico\\\/\",\"name\":\"SBG - Sociedade Brasileira de Glaucoma\",\"description\":\"\",\"potentialAction\":[{\"@type\":\"SearchAction\",\"target\":{\"@type\":\"EntryPoint\",\"urlTemplate\":\"https:\\\/\\\/www.sbglaucoma.org.br\\\/medico\\\/?s={search_term_string}\"},\"query-input\":{\"@type\":\"PropertyValueSpecification\",\"valueRequired\":true,\"valueName\":\"search_term_string\"}}],\"inLanguage\":\"pt-BR\"},{\"@type\":\"Person\",\"@id\":\"https:\\\/\\\/www.sbglaucoma.org.br\\\/medico\\\/#\\\/schema\\\/person\\\/3b5653b1267e6a6d05de21f0ebd8e3c2\",\"name\":\"Ricardo\",\"image\":{\"@type\":\"ImageObject\",\"inLanguage\":\"pt-BR\",\"@id\":\"https:\\\/\\\/secure.gravatar.com\\\/avatar\\\/44920876e908c0295955ee29232efe54c5c4ae3c36c5fc42ce7d3fba63ad79e4?s=96&d=mm&r=g\",\"url\":\"https:\\\/\\\/secure.gravatar.com\\\/avatar\\\/44920876e908c0295955ee29232efe54c5c4ae3c36c5fc42ce7d3fba63ad79e4?s=96&d=mm&r=g\",\"contentUrl\":\"https:\\\/\\\/secure.gravatar.com\\\/avatar\\\/44920876e908c0295955ee29232efe54c5c4ae3c36c5fc42ce7d3fba63ad79e4?s=96&d=mm&r=g\",\"caption\":\"Ricardo\"},\"url\":\"https:\\\/\\\/www.sbglaucoma.org.br\\\/medico\\\/author\\\/ricardo\\\/\"}]}<\/script>\n<!-- \/ Yoast SEO plugin. -->","yoast_head_json":{"title":"Dynamic Iris Changes as a Risk Factor in Primary Angle Closure disease - SBG - Sociedade Brasileira de Glaucoma","robots":{"index":"index","follow":"follow","max-snippet":"max-snippet:-1","max-image-preview":"max-image-preview:large","max-video-preview":"max-video-preview:-1"},"canonical":"https:\/\/www.sbglaucoma.org.br\/medico\/dynamic-iris-changes-as-a-risk-factor-in-primary-angle-closure-disease\/","og_locale":"pt_BR","og_type":"article","og_title":"Dynamic Iris Changes as a Risk Factor in Primary Angle Closure disease - SBG - Sociedade Brasileira de Glaucoma","og_description":"DYNAMIC IRIS CHANGES AS A RISK FACTOR IN PRIMARY ANGLE CLOSURE DISEASE Lucas Almeida SantanaFellow do Servi\u00e7o de Glaucoma, Irmandade da Santa Casa de Miseric\u00f3rdia de S\u00e3o Paulo Niro KasaharaChefe do Servi\u00e7o de Glaucoma, Irmandade da Santa Casa de Miseric\u00f3rdia de S\u00e3o Paulo; Professor Adjunto, Faculdade de Ci\u00eancias M\u00e9dicas da Santa Casa de S\u00e3o Paulo [&hellip;]","og_url":"https:\/\/www.sbglaucoma.org.br\/medico\/dynamic-iris-changes-as-a-risk-factor-in-primary-angle-closure-disease\/","og_site_name":"SBG - Sociedade Brasileira de Glaucoma","article_published_time":"2016-11-25T20:01:41+00:00","article_modified_time":"2019-06-11T15:24:54+00:00","og_image":[{"url":"https:\/\/sbglaucoma2.websiteseguro.com\/medico\/wp-content\/uploads\/2016\/11\/lucas.png","type":"","width":"","height":""}],"author":"Ricardo","twitter_card":"summary_large_image","twitter_misc":{"Escrito por":"Ricardo","Est. tempo de leitura":"3 minutos"},"schema":{"@context":"https:\/\/schema.org","@graph":[{"@type":"Article","@id":"https:\/\/www.sbglaucoma.org.br\/medico\/dynamic-iris-changes-as-a-risk-factor-in-primary-angle-closure-disease\/#article","isPartOf":{"@id":"https:\/\/www.sbglaucoma.org.br\/medico\/dynamic-iris-changes-as-a-risk-factor-in-primary-angle-closure-disease\/"},"author":{"name":"Ricardo","@id":"https:\/\/www.sbglaucoma.org.br\/medico\/#\/schema\/person\/3b5653b1267e6a6d05de21f0ebd8e3c2"},"headline":"Dynamic Iris Changes as a Risk Factor in Primary Angle Closure disease","datePublished":"2016-11-25T20:01:41+00:00","dateModified":"2019-06-11T15:24:54+00:00","mainEntityOfPage":{"@id":"https:\/\/www.sbglaucoma.org.br\/medico\/dynamic-iris-changes-as-a-risk-factor-in-primary-angle-closure-disease\/"},"wordCount":626,"commentCount":0,"image":{"@id":"https:\/\/www.sbglaucoma.org.br\/medico\/dynamic-iris-changes-as-a-risk-factor-in-primary-angle-closure-disease\/#primaryimage"},"thumbnailUrl":"https:\/\/sbglaucoma.org.br\/medico\/wp-content\/uploads\/2016\/11\/lucas.png","inLanguage":"pt-BR","potentialAction":[{"@type":"CommentAction","name":"Comment","target":["https:\/\/www.sbglaucoma.org.br\/medico\/dynamic-iris-changes-as-a-risk-factor-in-primary-angle-closure-disease\/#respond"]}]},{"@type":"WebPage","@id":"https:\/\/www.sbglaucoma.org.br\/medico\/dynamic-iris-changes-as-a-risk-factor-in-primary-angle-closure-disease\/","url":"https:\/\/www.sbglaucoma.org.br\/medico\/dynamic-iris-changes-as-a-risk-factor-in-primary-angle-closure-disease\/","name":"Dynamic Iris Changes as a Risk Factor in Primary Angle Closure disease - SBG - Sociedade Brasileira de Glaucoma","isPartOf":{"@id":"https:\/\/www.sbglaucoma.org.br\/medico\/#website"},"primaryImageOfPage":{"@id":"https:\/\/www.sbglaucoma.org.br\/medico\/dynamic-iris-changes-as-a-risk-factor-in-primary-angle-closure-disease\/#primaryimage"},"image":{"@id":"https:\/\/www.sbglaucoma.org.br\/medico\/dynamic-iris-changes-as-a-risk-factor-in-primary-angle-closure-disease\/#primaryimage"},"thumbnailUrl":"https:\/\/sbglaucoma.org.br\/medico\/wp-content\/uploads\/2016\/11\/lucas.png","datePublished":"2016-11-25T20:01:41+00:00","dateModified":"2019-06-11T15:24:54+00:00","author":{"@id":"https:\/\/www.sbglaucoma.org.br\/medico\/#\/schema\/person\/3b5653b1267e6a6d05de21f0ebd8e3c2"},"breadcrumb":{"@id":"https:\/\/www.sbglaucoma.org.br\/medico\/dynamic-iris-changes-as-a-risk-factor-in-primary-angle-closure-disease\/#breadcrumb"},"inLanguage":"pt-BR","potentialAction":[{"@type":"ReadAction","target":["https:\/\/www.sbglaucoma.org.br\/medico\/dynamic-iris-changes-as-a-risk-factor-in-primary-angle-closure-disease\/"]}]},{"@type":"ImageObject","inLanguage":"pt-BR","@id":"https:\/\/www.sbglaucoma.org.br\/medico\/dynamic-iris-changes-as-a-risk-factor-in-primary-angle-closure-disease\/#primaryimage","url":"https:\/\/sbglaucoma.org.br\/medico\/wp-content\/uploads\/2016\/11\/lucas.png","contentUrl":"https:\/\/sbglaucoma.org.br\/medico\/wp-content\/uploads\/2016\/11\/lucas.png"},{"@type":"BreadcrumbList","@id":"https:\/\/www.sbglaucoma.org.br\/medico\/dynamic-iris-changes-as-a-risk-factor-in-primary-angle-closure-disease\/#breadcrumb","itemListElement":[{"@type":"ListItem","position":1,"name":"In\u00edcio","item":"https:\/\/www.sbglaucoma.org.br\/medico\/"},{"@type":"ListItem","position":2,"name":"Dynamic Iris Changes as a Risk Factor in Primary Angle Closure disease"}]},{"@type":"WebSite","@id":"https:\/\/www.sbglaucoma.org.br\/medico\/#website","url":"https:\/\/www.sbglaucoma.org.br\/medico\/","name":"SBG - Sociedade Brasileira de Glaucoma","description":"","potentialAction":[{"@type":"SearchAction","target":{"@type":"EntryPoint","urlTemplate":"https:\/\/www.sbglaucoma.org.br\/medico\/?s={search_term_string}"},"query-input":{"@type":"PropertyValueSpecification","valueRequired":true,"valueName":"search_term_string"}}],"inLanguage":"pt-BR"},{"@type":"Person","@id":"https:\/\/www.sbglaucoma.org.br\/medico\/#\/schema\/person\/3b5653b1267e6a6d05de21f0ebd8e3c2","name":"Ricardo","image":{"@type":"ImageObject","inLanguage":"pt-BR","@id":"https:\/\/secure.gravatar.com\/avatar\/44920876e908c0295955ee29232efe54c5c4ae3c36c5fc42ce7d3fba63ad79e4?s=96&d=mm&r=g","url":"https:\/\/secure.gravatar.com\/avatar\/44920876e908c0295955ee29232efe54c5c4ae3c36c5fc42ce7d3fba63ad79e4?s=96&d=mm&r=g","contentUrl":"https:\/\/secure.gravatar.com\/avatar\/44920876e908c0295955ee29232efe54c5c4ae3c36c5fc42ce7d3fba63ad79e4?s=96&d=mm&r=g","caption":"Ricardo"},"url":"https:\/\/www.sbglaucoma.org.br\/medico\/author\/ricardo\/"}]}},"_links":{"self":[{"href":"https:\/\/www.sbglaucoma.org.br\/medico\/wp-json\/wp\/v2\/posts\/4455","targetHints":{"allow":["GET"]}}],"collection":[{"href":"https:\/\/www.sbglaucoma.org.br\/medico\/wp-json\/wp\/v2\/posts"}],"about":[{"href":"https:\/\/www.sbglaucoma.org.br\/medico\/wp-json\/wp\/v2\/types\/post"}],"author":[{"embeddable":true,"href":"https:\/\/www.sbglaucoma.org.br\/medico\/wp-json\/wp\/v2\/users\/1"}],"replies":[{"embeddable":true,"href":"https:\/\/www.sbglaucoma.org.br\/medico\/wp-json\/wp\/v2\/comments?post=4455"}],"version-history":[{"count":4,"href":"https:\/\/www.sbglaucoma.org.br\/medico\/wp-json\/wp\/v2\/posts\/4455\/revisions"}],"predecessor-version":[{"id":4461,"href":"https:\/\/www.sbglaucoma.org.br\/medico\/wp-json\/wp\/v2\/posts\/4455\/revisions\/4461"}],"wp:attachment":[{"href":"https:\/\/www.sbglaucoma.org.br\/medico\/wp-json\/wp\/v2\/media?parent=4455"}],"wp:term":[{"taxonomy":"category","embeddable":true,"href":"https:\/\/www.sbglaucoma.org.br\/medico\/wp-json\/wp\/v2\/categories?post=4455"},{"taxonomy":"post_tag","embeddable":true,"href":"https:\/\/www.sbglaucoma.org.br\/medico\/wp-json\/wp\/v2\/tags?post=4455"}],"curies":[{"name":"wp","href":"https:\/\/api.w.org\/{rel}","templated":true}]}}