{"id":10443,"date":"2024-12-13T13:34:53","date_gmt":"2024-12-13T16:34:53","guid":{"rendered":"https:\/\/www.sbglaucoma.org.br\/medico\/?p=10443"},"modified":"2025-01-07T12:22:27","modified_gmt":"2025-01-07T15:22:27","slug":"release-sbg-glaucoma-e-qualidade-de-vida","status":"publish","type":"post","link":"https:\/\/www.sbglaucoma.org.br\/medico\/release-sbg-glaucoma-e-qualidade-de-vida\/","title":{"rendered":"Release SBG &#8211; Glaucoma e qualidade de vida"},"content":{"rendered":"\n<p>Por Dra. Luciana Saker<\/p>\n\n\n\n<p>O glaucoma, principal causa de cegueira irrevers\u00edvel no mundo, impacta significativamente a vidados pacientes. O diagn\u00f3stico gera ang\u00fastia e medo, n\u00e3o s\u00f3 pela possibilidade de cegueira, mastamb\u00e9m pelas limita\u00e7\u00f5es que a doen\u00e7a imp\u00f5e. A autoestima dos pacientes com glaucomafrequentemente \u00e9 abalada. Com o aumento da expectativa de vida e a melhoria dos examesdiagn\u00f3sticos, a preval\u00eancia do glaucoma tende a crescer nas pr\u00f3ximas d\u00e9cadas, tornando ainforma\u00e7\u00e3o sobre a doen\u00e7a cada vez mais relevante. A qualidade de vida abrange a sa\u00fade f\u00edsica e psicol\u00f3gica, a autonomia e a capacidade de realizaratividades do dia a dia. O glaucoma, por ser progressivo e incapacitante, afeta a qualidade de vidaem diferentes graus. Em est\u00e1gios iniciais, o impacto pode ser m\u00ednimo, mas em fases avan\u00e7adas, ocomprometimento visual pode ser severo, limitando atividades como ler, dirigir e reconhecerpessoas. Essa perda de autonomia gera ansiedade, depress\u00e3o e baixa autoestima. Nesses casos, aabordagem multidisciplinar \u00e9 fundamental, com acompanhamento psicol\u00f3gico para auxiliar opaciente a lidar com as mudan\u00e7as e aceitar a nova realidade.Podemos acrescentar tamb\u00e9m os pilares para o sucesso no tratamento do glaucoma, que s\u00e3o: umaboa rela\u00e7\u00e3o m\u00e9dico-paciente, uma boa rede de apoio, ades\u00e3o ao tratamento proposto e odiagn\u00f3stico precoce. Sabemos que quando o glaucoma \u00e9 diagnosticado antes do comprometimentoda fun\u00e7\u00e3o visual o tratamento costuma ter melhores resultados e menor risco de comprometimentovisual que quando a doen\u00e7a j\u00e1 \u00e9 diagnosticada em est\u00e1gios avan\u00e7ados, uma vez que as les\u00f5esglaucomatosas s\u00e3o irrevers\u00edveis. O tratamento do glaucoma tamb\u00e9m pode interferir no cotidiano e qualidade de vida do paciente,quando se torna necess\u00e1rio incorporar o uso de col\u00edrios na sua rotina. Em alguns casos, pode sernecess\u00e1rio o uso de duas ou mais medica\u00e7\u00f5es, o que modifica os h\u00e1bitos e tamb\u00e9m pode trazerefeitos colaterais que podem incomodar o dia- a-dia do paciente.Com a Internet e as redes sociais cada vez mais presentes, o fluxo de informa\u00e7\u00e3o se tornou maisintenso, o que de uma forma facilita o paciente na busca por informa\u00e7\u00e3o, mas por outro ladotamb\u00e9m facilita o acesso a informa\u00e7\u00f5es gen\u00e9ricas e mal desenvolvidas, o que pode aumentar aang\u00fastia de quem recebeu um diagn\u00f3stico que pode comprometer seu estilo de vida. Por ser oglaucoma uma doen\u00e7a que possui diferentes est\u00e1gios e diferentes velocidades de progress\u00e3o, aabordagem deve ser individualizada, e informa\u00e7\u00f5es gen\u00e9ricas podem piorar o medo da cegueira e aansiedade do paciente.Atualmente temos \u00e0 nossa disposi\u00e7\u00e3o, diversos tratamentos, sejam eles atrav\u00e9s de diferentesformula\u00e7\u00f5es de col\u00edrios, tratamentos a laser, diferentes t\u00e9cnicas de cirurgias minimamente invasivas,bem como as cirurgias convencionais, que continuam sendo bastante utilizadas para o controle doglaucoma. O tratamento deve ser individualizado, sempre levando em considera\u00e7\u00e3o o est\u00e1gio dadoen\u00e7a, o risco de progress\u00e3o e a rotina do paciente, e o acompanhamento com um oftalmologistade confian\u00e7a \u00e9 fundamental para que o paciente possa sempre contar com as melhores op\u00e7\u00f5es parao seu caso.Em casos em que j\u00e1 exista um grau importante e significativo de perda visual, \u00e9 importante quefamiliares, amigos e cuidadores tamb\u00e9m estejam aptos a auxiliar o paciente, por exemplo evitandomudan\u00e7a de resid\u00eancia, mudan\u00e7a na configura\u00e7\u00e3o e posi\u00e7\u00e3o dos m\u00f3veis, facilitar o acesso aosobjetos de uso pessoal, para que o paciente consiga preservar sua autonomia, mesmo apesar daslimita\u00e7\u00f5es existentes. A luta contra o glaucoma n\u00e3o \u00e9 f\u00e1cil, mas \u00e9 um trabalho de equipe. O paciente precisa de aliados.Oftalmologista, psic\u00f3logo, terapeuta, familiares e amigos devem acompanhar o paciente na lutacontra a cegueira pelo glaucoma. O glaucoma \u00e9 uma doen\u00e7a trai\u00e7oeira e silenciosa, o paciente precisa conviver com este diagn\u00f3stico para o resto de sua vida, e contar com o apoio de uma boa equipe ajuda muito a vencer essa batalha di\u00e1ria.<\/p>\n\n\n\n<div data-wp-interactive=\"core\/file\" class=\"wp-block-file\"><object data-wp-bind--hidden=\"!state.hasPdfPreview\" hidden class=\"wp-block-file__embed\" data=\"https:\/\/www.sbglaucoma.org.br\/medico\/wp-content\/uploads\/2024\/12\/releases-glaucoma-5.pdf\" type=\"application\/pdf\" style=\"width:100%;height:600px\" aria-label=\"Incorporado de releases-glaucoma-5.\"><\/object><a id=\"wp-block-file--media-e2f7e40d-88ba-4253-af00-ccb4fe765c82\" href=\"https:\/\/www.sbglaucoma.org.br\/medico\/wp-content\/uploads\/2024\/12\/releases-glaucoma-5.pdf\">releases-glaucoma-5<\/a><a href=\"https:\/\/www.sbglaucoma.org.br\/medico\/wp-content\/uploads\/2024\/12\/releases-glaucoma-5.pdf\" class=\"wp-block-file__button wp-element-button\" download aria-describedby=\"wp-block-file--media-e2f7e40d-88ba-4253-af00-ccb4fe765c82\">Baixar<\/a><\/div>\n\n\n\n\n\n\n\n\n\n\n\n\n","protected":false},"excerpt":{"rendered":"<p>Por Dra. Luciana Saker O glaucoma, principal causa de cegueira irrevers\u00edvel no mundo, impacta significativamente a vidados pacientes. O diagn\u00f3stico gera ang\u00fastia e medo, n\u00e3o s\u00f3 pela possibilidade de cegueira, mastamb\u00e9m pelas limita\u00e7\u00f5es que a doen\u00e7a imp\u00f5e. A autoestima dos pacientes com glaucomafrequentemente \u00e9 abalada. Com o aumento da expectativa de vida e a melhoria [&hellip;]<\/p>\n","protected":false},"author":8,"featured_media":0,"comment_status":"closed","ping_status":"closed","sticky":false,"template":"","format":"standard","meta":{"_acf_changed":false,"_joinchat":[],"footnotes":""},"categories":[44],"tags":[],"class_list":["post-10443","post","type-post","status-publish","format-standard","hentry","category-noticias"],"acf":[],"yoast_head":"<!-- This site is optimized with the Yoast SEO plugin v27.5 - https:\/\/yoast.com\/product\/yoast-seo-wordpress\/ -->\n<title>Release SBG - Glaucoma e qualidade de vida - SBG - Sociedade Brasileira de Glaucoma<\/title>\n<meta name=\"robots\" content=\"index, follow, max-snippet:-1, max-image-preview:large, max-video-preview:-1\" \/>\n<link rel=\"canonical\" href=\"https:\/\/www.sbglaucoma.org.br\/medico\/release-sbg-glaucoma-e-qualidade-de-vida\/\" \/>\n<meta property=\"og:locale\" content=\"pt_BR\" \/>\n<meta property=\"og:type\" content=\"article\" \/>\n<meta property=\"og:title\" content=\"Release SBG - Glaucoma e qualidade de vida - SBG - Sociedade Brasileira de Glaucoma\" \/>\n<meta property=\"og:description\" content=\"Por Dra. Luciana Saker O glaucoma, principal causa de cegueira irrevers\u00edvel no mundo, impacta significativamente a vidados pacientes. O diagn\u00f3stico gera ang\u00fastia e medo, n\u00e3o s\u00f3 pela possibilidade de cegueira, mastamb\u00e9m pelas limita\u00e7\u00f5es que a doen\u00e7a imp\u00f5e. A autoestima dos pacientes com glaucomafrequentemente \u00e9 abalada. Com o aumento da expectativa de vida e a melhoria [&hellip;]\" \/>\n<meta property=\"og:url\" content=\"https:\/\/www.sbglaucoma.org.br\/medico\/release-sbg-glaucoma-e-qualidade-de-vida\/\" \/>\n<meta property=\"og:site_name\" content=\"SBG - Sociedade Brasileira de Glaucoma\" \/>\n<meta property=\"article:published_time\" content=\"2024-12-13T16:34:53+00:00\" \/>\n<meta property=\"article:modified_time\" content=\"2025-01-07T15:22:27+00:00\" \/>\n<meta property=\"og:image\" content=\"https:\/\/www.sbglaucoma.org.br\/medico\/wp-content\/uploads\/2024\/12\/WhatsApp-Image-2024-12-13-at-11.53.05-e1734108230256.jpeg\" \/>\n\t<meta property=\"og:image:width\" content=\"1080\" \/>\n\t<meta property=\"og:image:height\" content=\"1102\" \/>\n\t<meta property=\"og:image:type\" content=\"image\/jpeg\" \/>\n<meta name=\"author\" content=\"roberta\" \/>\n<meta name=\"twitter:card\" content=\"summary_large_image\" \/>\n<meta name=\"twitter:label1\" content=\"Escrito por\" \/>\n\t<meta name=\"twitter:data1\" content=\"roberta\" \/>\n\t<meta name=\"twitter:label2\" content=\"Est. tempo de leitura\" \/>\n\t<meta name=\"twitter:data2\" content=\"5 minutos\" \/>\n<script type=\"application\/ld+json\" class=\"yoast-schema-graph\">{\"@context\":\"https:\\\/\\\/schema.org\",\"@graph\":[{\"@type\":\"Article\",\"@id\":\"https:\\\/\\\/www.sbglaucoma.org.br\\\/medico\\\/release-sbg-glaucoma-e-qualidade-de-vida\\\/#article\",\"isPartOf\":{\"@id\":\"https:\\\/\\\/www.sbglaucoma.org.br\\\/medico\\\/release-sbg-glaucoma-e-qualidade-de-vida\\\/\"},\"author\":{\"name\":\"roberta\",\"@id\":\"https:\\\/\\\/www.sbglaucoma.org.br\\\/medico\\\/#\\\/schema\\\/person\\\/26da8b8c7799124a5fe8b5d0e3e0bbb7\"},\"headline\":\"Release SBG &#8211; Glaucoma e qualidade de vida\",\"datePublished\":\"2024-12-13T16:34:53+00:00\",\"dateModified\":\"2025-01-07T15:22:27+00:00\",\"mainEntityOfPage\":{\"@id\":\"https:\\\/\\\/www.sbglaucoma.org.br\\\/medico\\\/release-sbg-glaucoma-e-qualidade-de-vida\\\/\"},\"wordCount\":676,\"articleSection\":[\"Not\u00edcias\"],\"inLanguage\":\"pt-BR\"},{\"@type\":\"WebPage\",\"@id\":\"https:\\\/\\\/www.sbglaucoma.org.br\\\/medico\\\/release-sbg-glaucoma-e-qualidade-de-vida\\\/\",\"url\":\"https:\\\/\\\/www.sbglaucoma.org.br\\\/medico\\\/release-sbg-glaucoma-e-qualidade-de-vida\\\/\",\"name\":\"Release SBG - Glaucoma e qualidade de vida - SBG - Sociedade Brasileira de Glaucoma\",\"isPartOf\":{\"@id\":\"https:\\\/\\\/www.sbglaucoma.org.br\\\/medico\\\/#website\"},\"datePublished\":\"2024-12-13T16:34:53+00:00\",\"dateModified\":\"2025-01-07T15:22:27+00:00\",\"author\":{\"@id\":\"https:\\\/\\\/www.sbglaucoma.org.br\\\/medico\\\/#\\\/schema\\\/person\\\/26da8b8c7799124a5fe8b5d0e3e0bbb7\"},\"breadcrumb\":{\"@id\":\"https:\\\/\\\/www.sbglaucoma.org.br\\\/medico\\\/release-sbg-glaucoma-e-qualidade-de-vida\\\/#breadcrumb\"},\"inLanguage\":\"pt-BR\",\"potentialAction\":[{\"@type\":\"ReadAction\",\"target\":[\"https:\\\/\\\/www.sbglaucoma.org.br\\\/medico\\\/release-sbg-glaucoma-e-qualidade-de-vida\\\/\"]}]},{\"@type\":\"BreadcrumbList\",\"@id\":\"https:\\\/\\\/www.sbglaucoma.org.br\\\/medico\\\/release-sbg-glaucoma-e-qualidade-de-vida\\\/#breadcrumb\",\"itemListElement\":[{\"@type\":\"ListItem\",\"position\":1,\"name\":\"In\u00edcio\",\"item\":\"https:\\\/\\\/www.sbglaucoma.org.br\\\/medico\\\/\"},{\"@type\":\"ListItem\",\"position\":2,\"name\":\"Release SBG &#8211; Glaucoma e qualidade de vida\"}]},{\"@type\":\"WebSite\",\"@id\":\"https:\\\/\\\/www.sbglaucoma.org.br\\\/medico\\\/#website\",\"url\":\"https:\\\/\\\/www.sbglaucoma.org.br\\\/medico\\\/\",\"name\":\"SBG - Sociedade Brasileira de Glaucoma\",\"description\":\"\",\"potentialAction\":[{\"@type\":\"SearchAction\",\"target\":{\"@type\":\"EntryPoint\",\"urlTemplate\":\"https:\\\/\\\/www.sbglaucoma.org.br\\\/medico\\\/?s={search_term_string}\"},\"query-input\":{\"@type\":\"PropertyValueSpecification\",\"valueRequired\":true,\"valueName\":\"search_term_string\"}}],\"inLanguage\":\"pt-BR\"},{\"@type\":\"Person\",\"@id\":\"https:\\\/\\\/www.sbglaucoma.org.br\\\/medico\\\/#\\\/schema\\\/person\\\/26da8b8c7799124a5fe8b5d0e3e0bbb7\",\"name\":\"roberta\",\"image\":{\"@type\":\"ImageObject\",\"inLanguage\":\"pt-BR\",\"@id\":\"https:\\\/\\\/secure.gravatar.com\\\/avatar\\\/d63787ed9447dc6d2735eae9f3dec860e78d73b7b661557e136f4e190a1805ca?s=96&d=mm&r=g\",\"url\":\"https:\\\/\\\/secure.gravatar.com\\\/avatar\\\/d63787ed9447dc6d2735eae9f3dec860e78d73b7b661557e136f4e190a1805ca?s=96&d=mm&r=g\",\"contentUrl\":\"https:\\\/\\\/secure.gravatar.com\\\/avatar\\\/d63787ed9447dc6d2735eae9f3dec860e78d73b7b661557e136f4e190a1805ca?s=96&d=mm&r=g\",\"caption\":\"roberta\"},\"url\":\"https:\\\/\\\/www.sbglaucoma.org.br\\\/medico\\\/author\\\/roberta\\\/\"}]}<\/script>\n<!-- \/ Yoast SEO plugin. -->","yoast_head_json":{"title":"Release SBG - Glaucoma e qualidade de vida - SBG - Sociedade Brasileira de Glaucoma","robots":{"index":"index","follow":"follow","max-snippet":"max-snippet:-1","max-image-preview":"max-image-preview:large","max-video-preview":"max-video-preview:-1"},"canonical":"https:\/\/www.sbglaucoma.org.br\/medico\/release-sbg-glaucoma-e-qualidade-de-vida\/","og_locale":"pt_BR","og_type":"article","og_title":"Release SBG - Glaucoma e qualidade de vida - SBG - Sociedade Brasileira de Glaucoma","og_description":"Por Dra. Luciana Saker O glaucoma, principal causa de cegueira irrevers\u00edvel no mundo, impacta significativamente a vidados pacientes. O diagn\u00f3stico gera ang\u00fastia e medo, n\u00e3o s\u00f3 pela possibilidade de cegueira, mastamb\u00e9m pelas limita\u00e7\u00f5es que a doen\u00e7a imp\u00f5e. A autoestima dos pacientes com glaucomafrequentemente \u00e9 abalada. Com o aumento da expectativa de vida e a melhoria [&hellip;]","og_url":"https:\/\/www.sbglaucoma.org.br\/medico\/release-sbg-glaucoma-e-qualidade-de-vida\/","og_site_name":"SBG - Sociedade Brasileira de Glaucoma","article_published_time":"2024-12-13T16:34:53+00:00","article_modified_time":"2025-01-07T15:22:27+00:00","og_image":[{"width":1080,"height":1102,"url":"https:\/\/www.sbglaucoma.org.br\/medico\/wp-content\/uploads\/2024\/12\/WhatsApp-Image-2024-12-13-at-11.53.05-e1734108230256.jpeg","type":"image\/jpeg"}],"author":"roberta","twitter_card":"summary_large_image","twitter_misc":{"Escrito por":"roberta","Est. tempo de leitura":"5 minutos"},"schema":{"@context":"https:\/\/schema.org","@graph":[{"@type":"Article","@id":"https:\/\/www.sbglaucoma.org.br\/medico\/release-sbg-glaucoma-e-qualidade-de-vida\/#article","isPartOf":{"@id":"https:\/\/www.sbglaucoma.org.br\/medico\/release-sbg-glaucoma-e-qualidade-de-vida\/"},"author":{"name":"roberta","@id":"https:\/\/www.sbglaucoma.org.br\/medico\/#\/schema\/person\/26da8b8c7799124a5fe8b5d0e3e0bbb7"},"headline":"Release SBG &#8211; Glaucoma e qualidade de vida","datePublished":"2024-12-13T16:34:53+00:00","dateModified":"2025-01-07T15:22:27+00:00","mainEntityOfPage":{"@id":"https:\/\/www.sbglaucoma.org.br\/medico\/release-sbg-glaucoma-e-qualidade-de-vida\/"},"wordCount":676,"articleSection":["Not\u00edcias"],"inLanguage":"pt-BR"},{"@type":"WebPage","@id":"https:\/\/www.sbglaucoma.org.br\/medico\/release-sbg-glaucoma-e-qualidade-de-vida\/","url":"https:\/\/www.sbglaucoma.org.br\/medico\/release-sbg-glaucoma-e-qualidade-de-vida\/","name":"Release SBG - Glaucoma e qualidade de vida - SBG - Sociedade Brasileira de Glaucoma","isPartOf":{"@id":"https:\/\/www.sbglaucoma.org.br\/medico\/#website"},"datePublished":"2024-12-13T16:34:53+00:00","dateModified":"2025-01-07T15:22:27+00:00","author":{"@id":"https:\/\/www.sbglaucoma.org.br\/medico\/#\/schema\/person\/26da8b8c7799124a5fe8b5d0e3e0bbb7"},"breadcrumb":{"@id":"https:\/\/www.sbglaucoma.org.br\/medico\/release-sbg-glaucoma-e-qualidade-de-vida\/#breadcrumb"},"inLanguage":"pt-BR","potentialAction":[{"@type":"ReadAction","target":["https:\/\/www.sbglaucoma.org.br\/medico\/release-sbg-glaucoma-e-qualidade-de-vida\/"]}]},{"@type":"BreadcrumbList","@id":"https:\/\/www.sbglaucoma.org.br\/medico\/release-sbg-glaucoma-e-qualidade-de-vida\/#breadcrumb","itemListElement":[{"@type":"ListItem","position":1,"name":"In\u00edcio","item":"https:\/\/www.sbglaucoma.org.br\/medico\/"},{"@type":"ListItem","position":2,"name":"Release SBG &#8211; Glaucoma e qualidade de vida"}]},{"@type":"WebSite","@id":"https:\/\/www.sbglaucoma.org.br\/medico\/#website","url":"https:\/\/www.sbglaucoma.org.br\/medico\/","name":"SBG - Sociedade Brasileira de Glaucoma","description":"","potentialAction":[{"@type":"SearchAction","target":{"@type":"EntryPoint","urlTemplate":"https:\/\/www.sbglaucoma.org.br\/medico\/?s={search_term_string}"},"query-input":{"@type":"PropertyValueSpecification","valueRequired":true,"valueName":"search_term_string"}}],"inLanguage":"pt-BR"},{"@type":"Person","@id":"https:\/\/www.sbglaucoma.org.br\/medico\/#\/schema\/person\/26da8b8c7799124a5fe8b5d0e3e0bbb7","name":"roberta","image":{"@type":"ImageObject","inLanguage":"pt-BR","@id":"https:\/\/secure.gravatar.com\/avatar\/d63787ed9447dc6d2735eae9f3dec860e78d73b7b661557e136f4e190a1805ca?s=96&d=mm&r=g","url":"https:\/\/secure.gravatar.com\/avatar\/d63787ed9447dc6d2735eae9f3dec860e78d73b7b661557e136f4e190a1805ca?s=96&d=mm&r=g","contentUrl":"https:\/\/secure.gravatar.com\/avatar\/d63787ed9447dc6d2735eae9f3dec860e78d73b7b661557e136f4e190a1805ca?s=96&d=mm&r=g","caption":"roberta"},"url":"https:\/\/www.sbglaucoma.org.br\/medico\/author\/roberta\/"}]}},"_links":{"self":[{"href":"https:\/\/www.sbglaucoma.org.br\/medico\/wp-json\/wp\/v2\/posts\/10443","targetHints":{"allow":["GET"]}}],"collection":[{"href":"https:\/\/www.sbglaucoma.org.br\/medico\/wp-json\/wp\/v2\/posts"}],"about":[{"href":"https:\/\/www.sbglaucoma.org.br\/medico\/wp-json\/wp\/v2\/types\/post"}],"author":[{"embeddable":true,"href":"https:\/\/www.sbglaucoma.org.br\/medico\/wp-json\/wp\/v2\/users\/8"}],"replies":[{"embeddable":true,"href":"https:\/\/www.sbglaucoma.org.br\/medico\/wp-json\/wp\/v2\/comments?post=10443"}],"version-history":[{"count":2,"href":"https:\/\/www.sbglaucoma.org.br\/medico\/wp-json\/wp\/v2\/posts\/10443\/revisions"}],"predecessor-version":[{"id":10449,"href":"https:\/\/www.sbglaucoma.org.br\/medico\/wp-json\/wp\/v2\/posts\/10443\/revisions\/10449"}],"wp:attachment":[{"href":"https:\/\/www.sbglaucoma.org.br\/medico\/wp-json\/wp\/v2\/media?parent=10443"}],"wp:term":[{"taxonomy":"category","embeddable":true,"href":"https:\/\/www.sbglaucoma.org.br\/medico\/wp-json\/wp\/v2\/categories?post=10443"},{"taxonomy":"post_tag","embeddable":true,"href":"https:\/\/www.sbglaucoma.org.br\/medico\/wp-json\/wp\/v2\/tags?post=10443"}],"curies":[{"name":"wp","href":"https:\/\/api.w.org\/{rel}","templated":true}]}}